{"id":39987,"date":"2025-03-08T15:34:07","date_gmt":"2025-03-08T14:34:07","guid":{"rendered":"https:\/\/iqri.org\/antimuslimischer-rassismus-und-muslimischer-rassismus\/"},"modified":"2026-02-05T13:43:25","modified_gmt":"2026-02-05T12:43:25","slug":"antimuslimischer-rassismus-und-muslimischer-rassismus","status":"publish","type":"post","link":"https:\/\/iqri.org\/de\/antimuslimischer-rassismus-und-muslimischer-rassismus\/","title":{"rendered":"Antimuslimischer Rassismus und muslimischer Rassismus"},"content":{"rendered":"\n<p><strong>Antimuslimischer Rassismus und muslimischer Rassismus. Was die Studie des CSIS <span style=\"text-decoration: underline;\"><em>Antimuslimischer Rassismus in der Schweiz<\/em><\/span> zu Recht hervorhebt und was noch \u00fcber die Frage des islamischen Rassismus zu sagen bleibt. <\/strong><\/p>\n\n<p>\u00a0<\/p>\n\n<p>Im Auftrag der Fachstelle f\u00fcr Rassismusbek\u00e4mpfung f\u00fchrte das <strong>Schweizerische Zentrum f\u00fcr Islam und Gesellschaft<\/strong> (CSIS) eine soziologische &#8222;Referenzstudie&#8220; durch, die den Rassismus dokumentiert, dem einige Muslime in der Schweiz ausgesetzt sind. Da es in diesem Land kein rassistisches Gesetz gibt, st\u00fctzte sich das CSIS in seiner Studie auf die Aussagen und Gef\u00fchle von Personen, die sich als Opfer von Rassismus und Diskriminierung aufgrund ihrer Zugeh\u00f6rigkeit zur muslimischen Religion bezeichneten. <\/p>\n\n<p><strong>Lesen Sie die CSIS-Studie : <em><a href=\"https:\/\/iqri.org\/wp-content\/uploads\/2025\/03\/CSIS-Racisme-anti-musulman-en-Suisse-2025.pdf\">Antimuslimischer Rassismus in der Schweiz<\/a><\/em><\/strong><\/p>\n\n<p><strong>Lesen Sie auch: <\/strong><em><a href=\"https:\/\/iqri.org\/wp-content\/uploads\/2025\/03\/Vivre-ensemble-avec-lislam-1.pdf\"><strong>Zusammenleben mit dem Islam<\/strong><\/a><\/em><\/p>\n\n<div><\/div>\n\n<h2 class=\"wp-block-heading has-000-color has-text-color\" id=\"block-7c553999-3384-4a48-a84d-b3a1e71f4510\"><strong><span style=\"color: #b51818;\">Einige Details<\/span><\/strong><\/h2><style>#block-7c553999-3384-4a48-a84d-b3a1e71f4510 h2, #block-7c553999-3384-4a48-a84d-b3a1e71f4510 h3, #block-7c553999-3384-4a48-a84d-b3a1e71f4510 h4, #block-7c553999-3384-4a48-a84d-b3a1e71f4510 h5 , #block-7c553999-3384-4a48-a84d-b3a1e71f4510 { color: #000; }<\/style>\n\n<p>Um diese Erfahrung zu beschreiben, verwenden die Autoren den Ausdruck &#8222;antimuslimischer Rassismus&#8220;. Aber warum &#8222;Rassismus&#8220;, wenn der Islam keine &#8222;Rasse&#8220; ist. Denn, wie Etienne Balibar, der in der Studie zitiert wird, feststellt, ist der Islam keine &#8222;Rasse&#8220;:  <\/p>\n\n<blockquote class=\"is-layout-flow wp-block-quote-is-layout-flow\">\n<p><em>Ideologisch gesehen ist der heutige Rassismus (&#8230;) Teil eines &#8218;Rassismus ohne Rasse&#8216; (&#8230;): ein Rassismus, dessen dominierendes Thema nicht die<strong>biologische Vererbung<\/strong> ist, sondern die<strong>Un\u00fcberbr\u00fcckbarkeit kultureller Unterschiede<\/strong>; ein Rassismus, der auf den ersten Blick nicht die \u00dcberlegenheit bestimmter Gruppen oder V\u00f6lker gegen\u00fcber anderen postuliert, sondern &#8217;nur&#8216; die Sch\u00e4dlichkeit der Verwischung von Grenzen, die Unvereinbarkeit von Lebensweisen und Traditionen&#8220;.<\/em><\/p>\n<\/blockquote>\n\n<p>Das Problem des &#8222;antimuslimischen Rassismus&#8220; ist also ein kulturelles. Es besteht darin, dass jede muslimische Person als Mitglied einer homogenen Gruppe betrachtet wird, die u.a. durch <em>Homophobie, Sexismus, Antisemitismus, Unf\u00e4higkeit zur Information, Widerstand gegen die Demokratie oder potenzielle Gewaltanwendung<\/em> gekennzeichnet ist. Aus ethischer Sicht ist diese Art der Betrachtung von Muslimen problematisch und rechtfertigt den Aufruf an die Bev\u00f6lkerung, ihre &#8222;Vorurteile&#8220; gegen sie zu \u00fcberpr\u00fcfen.  <\/p>\n\n<p>Die Autoren der Studie weisen au\u00dferdem darauf hin, dass :<\/p>\n\n<blockquote class=\"is-layout-flow wp-block-quote-is-layout-flow\">\n<p><em><strong>Kritik an den religi\u00f6sen Doktrinen des Islam, am Verhalten von Personen, die sich als Muslime definieren, sowie an muslimischen Organisationen, Gesellschaften und Staaten ist zweifellos legitim.<\/strong>  Kritik kann jedoch auch problematische Formen annehmen. Ein erster Hinweis auf <strong>ungerechtfertigte Kritik<\/strong> ist die \u00fcberm\u00e4\u00dfige Aufmerksamkeit, die muslimischen Personen und dem Islam gewidmet wird (Hervorhebung hinzugef\u00fcgt). <\/em><\/p>\n<\/blockquote>\n\n<p>In <em>Anlehnung an<\/em> diese Studie \u00fcber <em>antimuslimischen Rassismus in der Schweiz<\/em> m\u00f6chten wir im Folgenden darauf hinweisen, dass es im Islam auch einen <em>antimuslimischen Rassismus<\/em> gibt. <strong><em>Rassismus gegen Ungl\u00e4ubige gibt.<\/em><\/strong>. Unseres Wissens hat die <strong>Fachstelle f\u00fcr Rassismusbek\u00e4mpfung<\/strong> des Bundes das CSIS nie mit der Erstellung einer &#8222;Referenzstudie&#8220; zu diesem Thema beauftragt. Eine solche Studie w\u00fcrde jedoch jeden Einzelnen zu seiner Verantwortung auffordern. Der &#8222;Rassismus&#8220; einiger Schweizer k\u00f6nnte zum Teil eine Reaktion auf den Anti-Ungl\u00e4ubigen-Rassismus des Islam sein. Jeder sollte sich seiner Vorurteile bewusst werden und sie auf ihre Relevanz hin \u00fcberpr\u00fcfen.    <\/p>\n\n<div><\/div>\n\n<h2 class=\"wp-block-heading has-000-color has-text-color\" id=\"block-81ea5cd5-49a3-4887-9792-07075eb3e315\"><strong><span style=\"color: #b51818;\">Islamische Lehren \u00fcber die &#8222;Ungl\u00e4ubigen&#8220;.<\/span><\/strong><\/h2><style>#block-81ea5cd5-49a3-4887-9792-07075eb3e315 h2, #block-81ea5cd5-49a3-4887-9792-07075eb3e315 h3, #block-81ea5cd5-49a3-4887-9792-07075eb3e315 h4, #block-81ea5cd5-49a3-4887-9792-07075eb3e315 h5 , #block-81ea5cd5-49a3-4887-9792-07075eb3e315 { color: #000; }<\/style>\n\n<p>Der Koran macht sich gro\u00dfe M\u00fche mit denen, die er &#8222;Ungl\u00e4ubige&#8220; nennt. Er bezeichnet sie unmissverst\u00e4ndlich als <strong>&#8222;die schlimmsten aller Gesch\u00f6pfe&#8220;<\/strong>.<span contenteditable=\"false\" id=\"5189d1c4-61c3-484f-8882-25d2c31af7d3\" data-note=\"La Sourate 98.6 d&#xE9;clare&#xA0;: Les infid&#xE8;les parmi les gens du Livre, ainsi que les Associateurs iront au feu de l'Enfer, pour y demeurer &#xE9;ternellement. De toute la cr&#xE9;ation, ce sont eux les&#xA0;pires.\" class=\"abt-footnote\"><sup>1<\/sup><\/span> und ruft ihnen Verachtung und die h\u00e4rteste Behandlung, ja sogar den Kampf bis zum Tod zu.<span contenteditable=\"false\" id=\"d313db12-8af5-41fc-961d-98edd84b86ae\" data-note=\"Le cheikh saoudien Mamdouh Ben Ali Al-Harbi cite, dans l&#x2019;ordre de sa conf&#xE9;rence, Sourates 8.60 ; 9.123 ; 2.216 ; 2.193 ; 9.111 ; 8.12. Il cite aussi deux hadiths rapport&#xE9;s par Bukhari et Muslim et un troisi&#xE8;me d&#x2019;Abu Dawood.\" class=\"abt-footnote\"><sup>2<\/sup><\/span>. <\/p>\n\n<p><strong>\u00dcber die Entmenschlichung der &#8222;Ungl\u00e4ubigen&#8220; siehe dieses Video.<\/strong><\/p>\n<p><iframe title=\"Je d\u00e9nonce la d\u00e9shumanisation faite au nom de la religion\" width=\"800\" height=\"450\" src=\"https:\/\/www.youtube.com\/embed\/vcoyuiH8vKI?feature=oembed\" frameborder=\"0\" allow=\"accelerometer; autoplay; clipboard-write; encrypted-media; gyroscope; picture-in-picture; web-share\" referrerpolicy=\"strict-origin-when-cross-origin\" allowfullscreen><\/iframe><\/p>\n\n<p><strong>H\u00f6ren Sie sich auch den Vortrag dieses saudischen Scheichs an, den er im Mai 2015 gehalten hat. Darin stellt er den Kampf gegen die Ungl\u00e4ubigen (Dschihad) als eine religi\u00f6se Pflicht f\u00fcr jeden &#8222;treuen&#8220; Muslim dar. <\/strong><\/p>\n<p><iframe title=\"Analyse du Coran\" width=\"800\" height=\"450\" src=\"https:\/\/www.youtube.com\/embed\/PLbjuq2Y4fQ?feature=oembed\" frameborder=\"0\" allow=\"accelerometer; autoplay; clipboard-write; encrypted-media; gyroscope; picture-in-picture; web-share\" referrerpolicy=\"strict-origin-when-cross-origin\" allowfullscreen><\/iframe><\/p>\n\n<div><\/div>\n\n<h2 class=\"wp-block-heading has-000-color has-text-color\" id=\"block-29f6d363-8d1e-4b7b-8317-9850d1f308e3\"><strong><span style=\"color: #b51818;\">Unterschiede zwischen antimuslimischem Rassismus und muslimischem Rassismus<\/span><\/strong><\/h2><style>#block-29f6d363-8d1e-4b7b-8317-9850d1f308e3 h2, #block-29f6d363-8d1e-4b7b-8317-9850d1f308e3 h3, #block-29f6d363-8d1e-4b7b-8317-9850d1f308e3 h4, #block-29f6d363-8d1e-4b7b-8317-9850d1f308e3 h5 , #block-29f6d363-8d1e-4b7b-8317-9850d1f308e3 { color: #000; }<\/style>\n\n<p>In dieser Studie geht das CSIS nicht darauf ein &#8211; wird es das jemals tun? &#8211; einen grundlegenden Unterschied zwischen dem Rassismus, dem Muslime in der Schweiz ausgesetzt sein k\u00f6nnen, und dem Rassismus, dem Nicht-Muslime durch den Islam ausgesetzt sind. Obwohl es in der Schweiz rassistische Diskriminierung von Muslimen geben kann, ist sie nicht durch die Gesetzgebung des Landes institutionalisiert. Beispielsweise verbietet das Gesetz nicht die Einstellung einer muslimischen Person aufgrund ihrer Religion. Im Falle der Schweiz ist Rassismus das Werk einzelner Personen, die sich in ihrem Namen \u00e4u\u00dfern oder handeln. Ihr Verhalten kann daher nicht auf die gesamte Bev\u00f6lkerung verallgemeinert werden, und nicht alle Muslime in der Schweiz f\u00fchlen sich als Opfer von Rassismus.     <\/p>\n\n<p>Das CSIS verschweigt jedoch ein grundlegendes Element in seinen Studien: die Tatsache, dass die Gesetzgebung in muslimischen L\u00e4ndern diskriminierende und rassistische Gesetze enth\u00e4lt. Und diese Gesetze werden in direkter Anwendung des Korans in den Gesetzgebungen der muslimischen L\u00e4nder, einschlie\u00dflich der gem\u00e4\u00dfigteren, institutionell verankert. <\/p>\n\n<div><\/div>\n\n<h2 class=\"wp-block-heading has-000-color has-text-color\" id=\"block-f691c5d5-07fe-44b2-bfbb-a8a6c06eb4e0\"><strong><span style=\"color: #b51818;\">Die Gesetze der Scharia haben eine extraterritoriale Anwendung.<\/span><\/strong><\/h2><style>#block-f691c5d5-07fe-44b2-bfbb-a8a6c06eb4e0 h2, #block-f691c5d5-07fe-44b2-bfbb-a8a6c06eb4e0 h3, #block-f691c5d5-07fe-44b2-bfbb-a8a6c06eb4e0 h4, #block-f691c5d5-07fe-44b2-bfbb-a8a6c06eb4e0 h5 , #block-f691c5d5-07fe-44b2-bfbb-a8a6c06eb4e0 { color: #000; }<\/style>\n\n<p>Da diese Gesetze religi\u00f6ser Natur sind, gelten sie unabh\u00e4ngig davon, wo die Muslime leben, ob in ihrem Land oder im Ausland. Die Konsularbeh\u00f6rden verlangen von ihren in die Schweiz emigrierten B\u00fcrgern, dass sie sich den Gesetzen ihres Herkunftslandes unterwerfen, auch wenn sie die Schweizer Staatsb\u00fcrgerschaft erhalten haben. Beispielsweise kann ein Konsulat einer Frau aus einem muslimischen Land die Anerkennung ihrer Ehe mit einem &#8222;Ungl\u00e4ubigen&#8220; verweigern, da sie als Prostituierte betrachtet wird. Die gleichen Beh\u00f6rden k\u00f6nnen die Anerkennung der Abstammungsrechte eines adoptierten Kindes mit der Begr\u00fcndung verweigern, dass der Islam Adoptionen verbietet. In der Schweiz unterliegen Personen aus muslimischen L\u00e4ndern, selbst wenn sie eine doppelte Staatsb\u00fcrgerschaft besitzen, diesen diskriminierenden und sch\u00e4ndlichen Gesetzen.    <\/p>\n\n<p><strong>H\u00f6ren Sie das Zeugnis dieser <a href=\"https:\/\/www.youtube.com\/watch?v=gyf9SGrQMP4\">marokkanischen Frau, die mit einem Schweizer verheiratet ist.<\/a><\/strong><\/p>\n\n<p><strong>Siehe auch das pdf-Dokument Dokumente, die <a href=\"https:\/\/iqri.org\/wp-content\/uploads\/2025\/03\/Exemples-de-pieces-a-fournir-aux-autorites-pour-se-marier-.pdf\">Sie den Beh\u00f6rden vorlegen m\u00fcssen, um heiraten zu k\u00f6nnen.<\/a><\/strong><\/p>\n\n<div><\/div>\n\n<h2 class=\"wp-block-heading has-000-color has-text-color\" id=\"block-d43310e2-a467-4606-8cc3-8848743a40aa\"><strong><span style=\"color: #b51818;\">Beispiele f\u00fcr muslimischen Rassismus<\/span><\/strong><\/h2><style>#block-d43310e2-a467-4606-8cc3-8848743a40aa h2, #block-d43310e2-a467-4606-8cc3-8848743a40aa h3, #block-d43310e2-a467-4606-8cc3-8848743a40aa h4, #block-d43310e2-a467-4606-8cc3-8848743a40aa h5 , #block-d43310e2-a467-4606-8cc3-8848743a40aa { color: #000; }<\/style>\n\n<p>Es sei daran erinnert, dass f\u00fcr den <a href=\"https:\/\/fr.wikipedia.org\/wiki\/Conseil_europ%C3%A9en_pour_la_fatwa_et_la_recherche#:~:text=Le%20Conseil%20europ%C3%A9en%20pour%20la,islamiques%20en%20Europe%20(UOIE).\"><strong>Der Europ\u00e4ische Rat f\u00fcr Fatwa und Forschung<\/strong><\/a>Die Scharia umfasst alle Aspekte des Lebens und des Gottesdienstes. Sie umfasst den pers\u00f6nlichen Status, wirtschaftliche Aspekte und Verbrechen sowie Entscheidungen \u00fcber Frieden und Krieg. Sie regelt auch, was das Land und seine Bewohner sowie Ausl\u00e4nder und ihre L\u00e4nder betrifft.  <\/p>\n\n<p>Zu den Scharia-Gesetzen, die die Moscheen ihren Mitgliedern in der Schweiz beibringen, geh\u00f6ren einige, deren diskriminierender Charakter offensichtlich ist.<\/p>\n\n<h3 class=\"wp-block-heading has-000-color has-text-color\" id=\"block-6c017bd0-6d45-4f72-8219-d6ccbaab4c07\"><strong>1. Fehlen von Religionsfreiheit<\/strong><\/h3><style>#block-6c017bd0-6d45-4f72-8219-d6ccbaab4c07 h2, #block-6c017bd0-6d45-4f72-8219-d6ccbaab4c07 h3, #block-6c017bd0-6d45-4f72-8219-d6ccbaab4c07 h4, #block-6c017bd0-6d45-4f72-8219-d6ccbaab4c07 h5 , #block-6c017bd0-6d45-4f72-8219-d6ccbaab4c07 { color: #000; }<\/style>\n\n<p>Die Scharia verurteilt jegliche Kritik am Islam und Apostasie (Verurteilung zu Gef\u00e4ngnis oder Tod f\u00fcr jeden, der den Islam und seinen Propheten diskreditiert oder den Islam verl\u00e4sst und dies rechtfertigt&#8230;).<\/p>\n\n<h3 class=\"wp-block-heading has-000-color has-text-color\" id=\"block-7fa0c0ae-3ba3-46ec-a5cd-aac4a874c500\"><strong>2. Entmenschlichung von Nicht-Muslimen <\/strong>(siehe Videobeispiele von Predigten)<\/h3><style>#block-7fa0c0ae-3ba3-46ec-a5cd-aac4a874c500 h2, #block-7fa0c0ae-3ba3-46ec-a5cd-aac4a874c500 h3, #block-7fa0c0ae-3ba3-46ec-a5cd-aac4a874c500 h4, #block-7fa0c0ae-3ba3-46ec-a5cd-aac4a874c500 h5 , #block-7fa0c0ae-3ba3-46ec-a5cd-aac4a874c500 { color: #000; }<\/style>\n\n<h3 class=\"wp-block-heading has-000-color has-text-color\" id=\"block-43b4128c-6410-4a1c-a466-02c8d641dd9c\"><strong>3. Anstiftung zu Hass und Gewalt, einschlie\u00dflich Terrorismus<\/strong><\/h3><style>#block-43b4128c-6410-4a1c-a466-02c8d641dd9c h2, #block-43b4128c-6410-4a1c-a466-02c8d641dd9c h3, #block-43b4128c-6410-4a1c-a466-02c8d641dd9c h4, #block-43b4128c-6410-4a1c-a466-02c8d641dd9c h5 , #block-43b4128c-6410-4a1c-a466-02c8d641dd9c { color: #000; }<\/style>\n\n<h3 class=\"wp-block-heading has-000-color has-text-color\" id=\"block-244cd6d9-c322-4eac-9d27-26a24405ca31\"><strong>4. Unterdr\u00fcckung der Frau und fehlende Gleichheit von Mann und Frau<\/strong><\/h3><style>#block-244cd6d9-c322-4eac-9d27-26a24405ca31 h2, #block-244cd6d9-c322-4eac-9d27-26a24405ca31 h3, #block-244cd6d9-c322-4eac-9d27-26a24405ca31 h4, #block-244cd6d9-c322-4eac-9d27-26a24405ca31 h5 , #block-244cd6d9-c322-4eac-9d27-26a24405ca31 { color: #000; }<\/style>\n\n<ul class=\"wp-block-list\">\n<li>Heirat (keine Heirat mit einem Nicht-Muslim, es sei denn, er konvertiert)<\/li>\n\n\n\n<li>Versto\u00dfung (durch dreimaliges Aussprechen von &#8222;Ich versto\u00dfe dich&#8220; kann ein Mann von einem Imam die Annullierung seiner Ehe erhalten)<\/li>\n\n\n\n<li>Vorhandensein eines m\u00e4nnlichen Vormunds (ohne ihn ist die Frau in vielen muslimischen L\u00e4ndern nicht frei zu heiraten, obwohl in einigen L\u00e4ndern wie Marokko die vollj\u00e4hrige Frau ohne Vormund heiraten kann).<\/li>\n\n\n\n<li>Polygamie<\/li>\n\n\n\n<li>Heirat von Minderj\u00e4hrigen. (ein M\u00e4dchen kann bereits vor der Pubert\u00e4t verheiratet werden) <\/li>\n\n\n\n<li>Das Erbe. (Frau erbt die H\u00e4lfte des Erbteils ihres Bruders) <\/li>\n\n\n\n<li>Islamischer Schleier (erinnert die Frau daran, dass ihr ganzer K\u00f6rper unz\u00fcchtig ist und f\u00fcr den Mann eine Gelegenheit zur Versuchung und zum Fall darstellt). <\/li>\n<\/ul>\n\n<h3 class=\"wp-block-heading has-000-color has-text-color\" id=\"block-e48a4129-8c17-4a33-9c6f-3efd82bb64c3\"><strong>5. Diskriminierung und Stigmatisierung von unehelichen Kindern<\/strong><\/h3><style>#block-e48a4129-8c17-4a33-9c6f-3efd82bb64c3 h2, #block-e48a4129-8c17-4a33-9c6f-3efd82bb64c3 h3, #block-e48a4129-8c17-4a33-9c6f-3efd82bb64c3 h4, #block-e48a4129-8c17-4a33-9c6f-3efd82bb64c3 h5 , #block-e48a4129-8c17-4a33-9c6f-3efd82bb64c3 { color: #000; }<\/style>\n\n<h3 class=\"wp-block-heading has-000-color has-text-color\" id=\"block-db97d7b5-9245-4797-b105-d0d9e2fb33be\"><strong>6. Diskriminierung und Verfolgung von Homosexuellen<\/strong><\/h3><style>#block-db97d7b5-9245-4797-b105-d0d9e2fb33be h2, #block-db97d7b5-9245-4797-b105-d0d9e2fb33be h3, #block-db97d7b5-9245-4797-b105-d0d9e2fb33be h4, #block-db97d7b5-9245-4797-b105-d0d9e2fb33be h5 , #block-db97d7b5-9245-4797-b105-d0d9e2fb33be { color: #000; }<\/style>\n\n<h3 class=\"wp-block-heading has-000-color has-text-color\" id=\"block-b8251b58-9111-43f3-80cf-41e02b13ba7d\"><strong>7. Diskriminierung und Verfolgung von religi\u00f6sen Minderheiten<\/strong><\/h3><style>#block-b8251b58-9111-43f3-80cf-41e02b13ba7d h2, #block-b8251b58-9111-43f3-80cf-41e02b13ba7d h3, #block-b8251b58-9111-43f3-80cf-41e02b13ba7d h4, #block-b8251b58-9111-43f3-80cf-41e02b13ba7d h5 , #block-b8251b58-9111-43f3-80cf-41e02b13ba7d { color: #000; }<\/style>\n\n<p><strong>Lesen Sie auch: <a href=\"https:\/\/iqri.org\/port-du-voile-et-liberte\/\">Meine Freiheit, den Schleier zu tragen!<\/a><\/strong><\/p>\n\n<div><\/div>\n\n<h2 class=\"wp-block-heading has-000-color has-text-color\" id=\"block-6bc4d7c0-51a8-44bf-ae64-2ba4c4be3a5b\"><strong><span style=\"color: #b51818;\">Ideologischer Diskurs statt wissenschaftlicher Studie?<\/span><\/strong><\/h2><style>#block-6bc4d7c0-51a8-44bf-ae64-2ba4c4be3a5b h2, #block-6bc4d7c0-51a8-44bf-ae64-2ba4c4be3a5b h3, #block-6bc4d7c0-51a8-44bf-ae64-2ba4c4be3a5b h4, #block-6bc4d7c0-51a8-44bf-ae64-2ba4c4be3a5b h5 , #block-6bc4d7c0-51a8-44bf-ae64-2ba4c4be3a5b { color: #000; }<\/style>\n\n<p>Angesichts dieser Tatsachen ist es gerechtfertigt, den allgemeinen Ansatz des CSIS in Frage zu stellen. Dank der Nachsicht der <strong>Fachstelle f\u00fcr Rassismusbek\u00e4mpfung<\/strong> kann das Zentrum Lehren des Islam, die gegen das Gesetz und die Werte der Schweiz versto\u00dfen, verschweigen. Damit agiert es eher als F\u00f6rderer denn als sachkundiger Kritiker des Islams. Als &#8222;akademisches Zentrum&#8220; unterwirft es sich nicht dem Grundsatz der objektiven Pr\u00fcfung seines Themas und wird de facto zu einem ideologischen Instrument. Implizit zielt es darauf ab, die r\u00fcckschrittlichsten Doktrinen des Islams von der Kritik auszuschlie\u00dfen, um die Illusion der perfekten Kompatibilit\u00e4t seines Gesellschaftsprojekts mit dem unseren aufrechtzuerhalten. Diese T\u00e4uschung funktioniert sehr gut, da die Schweizerische Eidgenossenschaft das Programm weiterhin finanziert.     <\/p>\n\n<div><\/div>\n\n<h3 class=\"wp-block-heading has-000-color has-text-color\" id=\"block-cfd7ee57-3e7c-4f2c-8fa4-d084caea8f18\"><strong>Anmerkungen<\/strong><\/h3><style>#block-cfd7ee57-3e7c-4f2c-8fa4-d084caea8f18 h2, #block-cfd7ee57-3e7c-4f2c-8fa4-d084caea8f18 h3, #block-cfd7ee57-3e7c-4f2c-8fa4-d084caea8f18 h4, #block-cfd7ee57-3e7c-4f2c-8fa4-d084caea8f18 h5 , #block-cfd7ee57-3e7c-4f2c-8fa4-d084caea8f18 { color: #000; }<\/style>\n\n<p><\/p>\n\n<section aria-label=\"Footnotes\" class=\"abt-footnotes\" role=\"region\"><hr><ol><li class=\"abt-footnotes-item\" id=\"5189d1c4-61c3-484f-8882-25d2c31af7d3-ref\"><div class=\"abt-footnotes-item__marker\"><sup>1<\/sup><\/div><div class=\"abt-footnotes-item__content\">In Sure 98.6 hei\u00dft es: &#8222;Die Ungl\u00e4ubigen unter den Leuten der Schrift und die G\u00f6tzendiener werden in das Feuer der H\u00f6lle gehen, um dort ewig zu bleiben. Sie sind die Schlimmsten der gesamten Sch\u00f6pfung. <\/div><\/li><li class=\"abt-footnotes-item\" id=\"d313db12-8af5-41fc-961d-98edd84b86ae-ref\"><div class=\"abt-footnotes-item__marker\"><sup>2<\/sup><\/div><div class=\"abt-footnotes-item__content\">Der saudische Scheich Mamdouh Ben Ali Al-Harbi zitierte in der Reihenfolge seines Vortrags die Suren 8.60; 9.123; 2.216; 2.193; 9.111; 8.12. Er zitierte auch zwei Hadithe, die von Bukhari und Muslim \u00fcberliefert wurden und einen dritten von Abu Dawood. <\/div><\/li><\/ol><\/section>\n","protected":false},"excerpt":{"rendered":"<p>Antimuslimischer Rassismus und muslimischer Rassismus. Was die CSIS-Studie &#8222;Antimuslimischer Rassismus in der Schweiz&#8220; zu Recht hervorhebt und was \u00fcber die Frage des islamischen Rassismus noch zu sagen ist. <\/p>\n","protected":false},"author":1,"featured_media":39989,"comment_status":"closed","ping_status":"open","sticky":false,"template":"","format":"standard","meta":{"_acf_changed":false,"footnotes":""},"categories":[683],"tags":[],"coauthors":[341],"class_list":["post-39987","post","type-post","status-publish","format-standard","has-post-thumbnail","hentry","category-aktuelles"],"acf":[],"yoast_head":"<!-- This site is optimized with the Yoast SEO plugin v26.8 - https:\/\/yoast.com\/product\/yoast-seo-wordpress\/ -->\n<title>Antimuslimischer Rassismus und muslimischer Rassismus - IQRI.org<\/title>\n<meta name=\"description\" content=\"Antimuslimischer Rassismus und muslimischer Rassismus m\u00fcssen zusammen untersucht werden. Der erste darf den zweiten nicht verdecken.\" \/>\n<meta name=\"robots\" content=\"index, follow, max-snippet:-1, max-image-preview:large, max-video-preview:-1\" \/>\n<link rel=\"canonical\" href=\"https:\/\/iqri.org\/de\/antimuslimischer-rassismus-und-muslimischer-rassismus\/\" \/>\n<meta property=\"og:locale\" content=\"de_DE\" \/>\n<meta property=\"og:type\" content=\"article\" \/>\n<meta property=\"og:title\" content=\"Antimuslimischer Rassismus und muslimischer Rassismus - IQRI.org\" \/>\n<meta property=\"og:description\" content=\"Antimuslimischer Rassismus und muslimischer Rassismus m\u00fcssen zusammen untersucht werden. Der erste darf den zweiten nicht verdecken.\" \/>\n<meta property=\"og:url\" content=\"https:\/\/iqri.org\/de\/antimuslimischer-rassismus-und-muslimischer-rassismus\/\" \/>\n<meta property=\"og:site_name\" content=\"IQRI.org\" \/>\n<meta property=\"article:published_time\" content=\"2025-03-08T14:34:07+00:00\" \/>\n<meta property=\"article:modified_time\" content=\"2026-02-05T12:43:25+00:00\" \/>\n<meta property=\"og:image\" content=\"https:\/\/iqri.org\/wp-content\/uploads\/2025\/03\/16714465219_3d6dfa77fc_k.jpg\" \/>\n\t<meta property=\"og:image:width\" content=\"2048\" \/>\n\t<meta property=\"og:image:height\" content=\"1367\" \/>\n\t<meta property=\"og:image:type\" content=\"image\/jpeg\" \/>\n<meta name=\"author\" content=\"Amin Abdelmajid &amp; Christian Bibollet\" \/>\n<meta name=\"twitter:card\" content=\"summary_large_image\" \/>\n<meta name=\"twitter:label1\" content=\"Verfasst von\" \/>\n\t<meta name=\"twitter:data1\" content=\"Thimoo\" \/>\n\t<meta name=\"twitter:label2\" content=\"Gesch\u00e4tzte Lesezeit\" \/>\n\t<meta name=\"twitter:data2\" content=\"7\u00a0Minuten\" \/>\n\t<meta name=\"twitter:label3\" content=\"Written by\" \/>\n\t<meta name=\"twitter:data3\" content=\"Amin Abdelmajid &amp; Christian Bibollet\" \/>\n<script type=\"application\/ld+json\" class=\"yoast-schema-graph\">{\"@context\":\"https:\/\/schema.org\",\"@graph\":[{\"@type\":\"Article\",\"@id\":\"https:\/\/iqri.org\/de\/antimuslimischer-rassismus-und-muslimischer-rassismus\/#article\",\"isPartOf\":{\"@id\":\"https:\/\/iqri.org\/de\/antimuslimischer-rassismus-und-muslimischer-rassismus\/\"},\"author\":{\"name\":\"Thimoo\",\"@id\":\"https:\/\/iqri.org\/de\/#\/schema\/person\/2d0fcc1beb4f7f96a73e30c4b4f3f29b\"},\"headline\":\"Antimuslimischer Rassismus und muslimischer Rassismus\",\"datePublished\":\"2025-03-08T14:34:07+00:00\",\"dateModified\":\"2026-02-05T12:43:25+00:00\",\"mainEntityOfPage\":{\"@id\":\"https:\/\/iqri.org\/de\/antimuslimischer-rassismus-und-muslimischer-rassismus\/\"},\"wordCount\":1406,\"image\":{\"@id\":\"https:\/\/iqri.org\/de\/antimuslimischer-rassismus-und-muslimischer-rassismus\/#primaryimage\"},\"thumbnailUrl\":\"https:\/\/iqri.org\/wp-content\/uploads\/2025\/03\/16714465219_3d6dfa77fc_k.jpg\",\"articleSection\":[\"Aktuelles\"],\"inLanguage\":\"de\"},{\"@type\":\"WebPage\",\"@id\":\"https:\/\/iqri.org\/de\/antimuslimischer-rassismus-und-muslimischer-rassismus\/\",\"url\":\"https:\/\/iqri.org\/de\/antimuslimischer-rassismus-und-muslimischer-rassismus\/\",\"name\":\"Antimuslimischer Rassismus und muslimischer Rassismus - IQRI.org\",\"isPartOf\":{\"@id\":\"https:\/\/iqri.org\/de\/#website\"},\"primaryImageOfPage\":{\"@id\":\"https:\/\/iqri.org\/de\/antimuslimischer-rassismus-und-muslimischer-rassismus\/#primaryimage\"},\"image\":{\"@id\":\"https:\/\/iqri.org\/de\/antimuslimischer-rassismus-und-muslimischer-rassismus\/#primaryimage\"},\"thumbnailUrl\":\"https:\/\/iqri.org\/wp-content\/uploads\/2025\/03\/16714465219_3d6dfa77fc_k.jpg\",\"datePublished\":\"2025-03-08T14:34:07+00:00\",\"dateModified\":\"2026-02-05T12:43:25+00:00\",\"author\":{\"@id\":\"https:\/\/iqri.org\/de\/#\/schema\/person\/2d0fcc1beb4f7f96a73e30c4b4f3f29b\"},\"description\":\"Antimuslimischer Rassismus und muslimischer Rassismus m\u00fcssen zusammen untersucht werden. Der erste darf den zweiten nicht verdecken.\",\"breadcrumb\":{\"@id\":\"https:\/\/iqri.org\/de\/antimuslimischer-rassismus-und-muslimischer-rassismus\/#breadcrumb\"},\"inLanguage\":\"de\",\"potentialAction\":[{\"@type\":\"ReadAction\",\"target\":[\"https:\/\/iqri.org\/de\/antimuslimischer-rassismus-und-muslimischer-rassismus\/\"]}]},{\"@type\":\"ImageObject\",\"inLanguage\":\"de\",\"@id\":\"https:\/\/iqri.org\/de\/antimuslimischer-rassismus-und-muslimischer-rassismus\/#primaryimage\",\"url\":\"https:\/\/iqri.org\/wp-content\/uploads\/2025\/03\/16714465219_3d6dfa77fc_k.jpg\",\"contentUrl\":\"https:\/\/iqri.org\/wp-content\/uploads\/2025\/03\/16714465219_3d6dfa77fc_k.jpg\",\"width\":2048,\"height\":1367,\"caption\":\"Demonstration gegen antimuslimischen Rassismus\"},{\"@type\":\"BreadcrumbList\",\"@id\":\"https:\/\/iqri.org\/de\/antimuslimischer-rassismus-und-muslimischer-rassismus\/#breadcrumb\",\"itemListElement\":[{\"@type\":\"ListItem\",\"position\":1,\"name\":\"Accueil\",\"item\":\"https:\/\/iqri.org\/de\/startseite\/\"},{\"@type\":\"ListItem\",\"position\":2,\"name\":\"Antimuslimischer Rassismus und muslimischer Rassismus\"}]},{\"@type\":\"WebSite\",\"@id\":\"https:\/\/iqri.org\/de\/#website\",\"url\":\"https:\/\/iqri.org\/de\/\",\"name\":\"IQRI.org\",\"description\":\"Institut pour les Questions Relatives \u00e0 l\u2019Islam\",\"potentialAction\":[{\"@type\":\"SearchAction\",\"target\":{\"@type\":\"EntryPoint\",\"urlTemplate\":\"https:\/\/iqri.org\/de\/?s={search_term_string}\"},\"query-input\":{\"@type\":\"PropertyValueSpecification\",\"valueRequired\":true,\"valueName\":\"search_term_string\"}}],\"inLanguage\":\"de\"},{\"@type\":\"Person\",\"@id\":\"https:\/\/iqri.org\/de\/#\/schema\/person\/2d0fcc1beb4f7f96a73e30c4b4f3f29b\",\"name\":\"Thimoo\",\"image\":{\"@type\":\"ImageObject\",\"inLanguage\":\"de\",\"@id\":\"https:\/\/iqri.org\/de\/#\/schema\/person\/image\/9a91194eac08d7f00287a66777707341\",\"url\":\"https:\/\/secure.gravatar.com\/avatar\/d0529aebc327da9540e738fe43ab43d84c5eeeaee6b74dd9ff2c1cabdb126697?s=96&d=mm&r=g\",\"contentUrl\":\"https:\/\/secure.gravatar.com\/avatar\/d0529aebc327da9540e738fe43ab43d84c5eeeaee6b74dd9ff2c1cabdb126697?s=96&d=mm&r=g\",\"caption\":\"Thimoo\"},\"url\":\"https:\/\/iqri.org\/de\/author\/thimoo\/\"}]}<\/script>\n<!-- \/ Yoast SEO plugin. -->","yoast_head_json":{"title":"Antimuslimischer Rassismus und muslimischer Rassismus - IQRI.org","description":"Antimuslimischer Rassismus und muslimischer Rassismus m\u00fcssen zusammen untersucht werden. Der erste darf den zweiten nicht verdecken.","robots":{"index":"index","follow":"follow","max-snippet":"max-snippet:-1","max-image-preview":"max-image-preview:large","max-video-preview":"max-video-preview:-1"},"canonical":"https:\/\/iqri.org\/de\/antimuslimischer-rassismus-und-muslimischer-rassismus\/","og_locale":"de_DE","og_type":"article","og_title":"Antimuslimischer Rassismus und muslimischer Rassismus - IQRI.org","og_description":"Antimuslimischer Rassismus und muslimischer Rassismus m\u00fcssen zusammen untersucht werden. Der erste darf den zweiten nicht verdecken.","og_url":"https:\/\/iqri.org\/de\/antimuslimischer-rassismus-und-muslimischer-rassismus\/","og_site_name":"IQRI.org","article_published_time":"2025-03-08T14:34:07+00:00","article_modified_time":"2026-02-05T12:43:25+00:00","og_image":[{"width":2048,"height":1367,"url":"https:\/\/iqri.org\/wp-content\/uploads\/2025\/03\/16714465219_3d6dfa77fc_k.jpg","type":"image\/jpeg"}],"author":"Amin Abdelmajid & Christian Bibollet","twitter_card":"summary_large_image","twitter_misc":{"Verfasst von":"Thimoo","Gesch\u00e4tzte Lesezeit":"7\u00a0Minuten","Written by":"Amin Abdelmajid & Christian Bibollet"},"schema":{"@context":"https:\/\/schema.org","@graph":[{"@type":"Article","@id":"https:\/\/iqri.org\/de\/antimuslimischer-rassismus-und-muslimischer-rassismus\/#article","isPartOf":{"@id":"https:\/\/iqri.org\/de\/antimuslimischer-rassismus-und-muslimischer-rassismus\/"},"author":{"name":"Thimoo","@id":"https:\/\/iqri.org\/de\/#\/schema\/person\/2d0fcc1beb4f7f96a73e30c4b4f3f29b"},"headline":"Antimuslimischer Rassismus und muslimischer Rassismus","datePublished":"2025-03-08T14:34:07+00:00","dateModified":"2026-02-05T12:43:25+00:00","mainEntityOfPage":{"@id":"https:\/\/iqri.org\/de\/antimuslimischer-rassismus-und-muslimischer-rassismus\/"},"wordCount":1406,"image":{"@id":"https:\/\/iqri.org\/de\/antimuslimischer-rassismus-und-muslimischer-rassismus\/#primaryimage"},"thumbnailUrl":"https:\/\/iqri.org\/wp-content\/uploads\/2025\/03\/16714465219_3d6dfa77fc_k.jpg","articleSection":["Aktuelles"],"inLanguage":"de"},{"@type":"WebPage","@id":"https:\/\/iqri.org\/de\/antimuslimischer-rassismus-und-muslimischer-rassismus\/","url":"https:\/\/iqri.org\/de\/antimuslimischer-rassismus-und-muslimischer-rassismus\/","name":"Antimuslimischer Rassismus und muslimischer Rassismus - IQRI.org","isPartOf":{"@id":"https:\/\/iqri.org\/de\/#website"},"primaryImageOfPage":{"@id":"https:\/\/iqri.org\/de\/antimuslimischer-rassismus-und-muslimischer-rassismus\/#primaryimage"},"image":{"@id":"https:\/\/iqri.org\/de\/antimuslimischer-rassismus-und-muslimischer-rassismus\/#primaryimage"},"thumbnailUrl":"https:\/\/iqri.org\/wp-content\/uploads\/2025\/03\/16714465219_3d6dfa77fc_k.jpg","datePublished":"2025-03-08T14:34:07+00:00","dateModified":"2026-02-05T12:43:25+00:00","author":{"@id":"https:\/\/iqri.org\/de\/#\/schema\/person\/2d0fcc1beb4f7f96a73e30c4b4f3f29b"},"description":"Antimuslimischer Rassismus und muslimischer Rassismus m\u00fcssen zusammen untersucht werden. Der erste darf den zweiten nicht verdecken.","breadcrumb":{"@id":"https:\/\/iqri.org\/de\/antimuslimischer-rassismus-und-muslimischer-rassismus\/#breadcrumb"},"inLanguage":"de","potentialAction":[{"@type":"ReadAction","target":["https:\/\/iqri.org\/de\/antimuslimischer-rassismus-und-muslimischer-rassismus\/"]}]},{"@type":"ImageObject","inLanguage":"de","@id":"https:\/\/iqri.org\/de\/antimuslimischer-rassismus-und-muslimischer-rassismus\/#primaryimage","url":"https:\/\/iqri.org\/wp-content\/uploads\/2025\/03\/16714465219_3d6dfa77fc_k.jpg","contentUrl":"https:\/\/iqri.org\/wp-content\/uploads\/2025\/03\/16714465219_3d6dfa77fc_k.jpg","width":2048,"height":1367,"caption":"Demonstration gegen antimuslimischen Rassismus"},{"@type":"BreadcrumbList","@id":"https:\/\/iqri.org\/de\/antimuslimischer-rassismus-und-muslimischer-rassismus\/#breadcrumb","itemListElement":[{"@type":"ListItem","position":1,"name":"Accueil","item":"https:\/\/iqri.org\/de\/startseite\/"},{"@type":"ListItem","position":2,"name":"Antimuslimischer Rassismus und muslimischer Rassismus"}]},{"@type":"WebSite","@id":"https:\/\/iqri.org\/de\/#website","url":"https:\/\/iqri.org\/de\/","name":"IQRI.org","description":"Institut pour les Questions Relatives \u00e0 l\u2019Islam","potentialAction":[{"@type":"SearchAction","target":{"@type":"EntryPoint","urlTemplate":"https:\/\/iqri.org\/de\/?s={search_term_string}"},"query-input":{"@type":"PropertyValueSpecification","valueRequired":true,"valueName":"search_term_string"}}],"inLanguage":"de"},{"@type":"Person","@id":"https:\/\/iqri.org\/de\/#\/schema\/person\/2d0fcc1beb4f7f96a73e30c4b4f3f29b","name":"Thimoo","image":{"@type":"ImageObject","inLanguage":"de","@id":"https:\/\/iqri.org\/de\/#\/schema\/person\/image\/9a91194eac08d7f00287a66777707341","url":"https:\/\/secure.gravatar.com\/avatar\/d0529aebc327da9540e738fe43ab43d84c5eeeaee6b74dd9ff2c1cabdb126697?s=96&d=mm&r=g","contentUrl":"https:\/\/secure.gravatar.com\/avatar\/d0529aebc327da9540e738fe43ab43d84c5eeeaee6b74dd9ff2c1cabdb126697?s=96&d=mm&r=g","caption":"Thimoo"},"url":"https:\/\/iqri.org\/de\/author\/thimoo\/"}]}},"_links":{"self":[{"href":"https:\/\/iqri.org\/de\/wp-json\/wp\/v2\/posts\/39987","targetHints":{"allow":["GET"]}}],"collection":[{"href":"https:\/\/iqri.org\/de\/wp-json\/wp\/v2\/posts"}],"about":[{"href":"https:\/\/iqri.org\/de\/wp-json\/wp\/v2\/types\/post"}],"author":[{"embeddable":true,"href":"https:\/\/iqri.org\/de\/wp-json\/wp\/v2\/users\/1"}],"replies":[{"embeddable":true,"href":"https:\/\/iqri.org\/de\/wp-json\/wp\/v2\/comments?post=39987"}],"version-history":[{"count":1,"href":"https:\/\/iqri.org\/de\/wp-json\/wp\/v2\/posts\/39987\/revisions"}],"predecessor-version":[{"id":39992,"href":"https:\/\/iqri.org\/de\/wp-json\/wp\/v2\/posts\/39987\/revisions\/39992"}],"wp:featuredmedia":[{"embeddable":true,"href":"https:\/\/iqri.org\/de\/wp-json\/wp\/v2\/media\/39989"}],"wp:attachment":[{"href":"https:\/\/iqri.org\/de\/wp-json\/wp\/v2\/media?parent=39987"}],"wp:term":[{"taxonomy":"category","embeddable":true,"href":"https:\/\/iqri.org\/de\/wp-json\/wp\/v2\/categories?post=39987"},{"taxonomy":"post_tag","embeddable":true,"href":"https:\/\/iqri.org\/de\/wp-json\/wp\/v2\/tags?post=39987"},{"taxonomy":"author","embeddable":true,"href":"https:\/\/iqri.org\/de\/wp-json\/wp\/v2\/coauthors?post=39987"}],"curies":[{"name":"wp","href":"https:\/\/api.w.org\/{rel}","templated":true}]}}