{"id":39984,"date":"2025-12-10T15:08:35","date_gmt":"2025-12-10T14:08:35","guid":{"rendered":"https:\/\/iqri.org\/lehren-aus-einer-interreligioesen-feier\/"},"modified":"2026-02-05T13:43:10","modified_gmt":"2026-02-05T12:43:10","slug":"lehren-aus-einer-interreligioesen-feier","status":"publish","type":"post","link":"https:\/\/iqri.org\/de\/lehren-aus-einer-interreligioesen-feier\/","title":{"rendered":"Lehren aus einer interreligi\u00f6sen Feier"},"content":{"rendered":"\n<p><strong>Am 16. November 2025 organisierte die interreligi\u00f6se Plattform des Kantons Waadt in der Kathedrale von Lausanne eine Feier unter dem Motto &#8222;Frieden, Dialog und Gastfreundschaft&#8220;. Was war das Ziel? Ausgehend von der Figur Abrahams sollte Frieden im Geiste der Gastfreundschaft geschaffen werden.  <\/strong><\/p>\n\n<div><\/div>\n\n<p>Das Unternehmen hatte viele Vorz\u00fcge, denn es ist nicht selbstverst\u00e4ndlich, mit unterschiedlichen religi\u00f6sen Narrativen in derselben Gesellschaft zu leben. Es war daher nur nat\u00fcrlich, in der Person Abrahams den gemeinsamen Nenner von Juden, Christen und Muslimen zu suchen. Und wenn man sich das Foto der Stadtverordneten ansieht, die an dieser interreligi\u00f6sen Feier teilnahmen und Hand in Hand gingen, hat man das Gef\u00fchl, dass Abraham es geschafft hat, sie alle um sich zu versammeln.  <\/p>\n\n<div><\/div>\n\n<h2 class=\"wp-block-heading has-9-e-1010-color has-text-color\" id=\"block-04126a5f-a2b3-488c-82a3-4241dfa7b7d5\"><strong>\u00dcberraschung<\/strong><\/h2><style>#block-04126a5f-a2b3-488c-82a3-4241dfa7b7d5 h2, #block-04126a5f-a2b3-488c-82a3-4241dfa7b7d5 h3, #block-04126a5f-a2b3-488c-82a3-4241dfa7b7d5 h4, #block-04126a5f-a2b3-488c-82a3-4241dfa7b7d5 h5 , #block-04126a5f-a2b3-488c-82a3-4241dfa7b7d5 { color: #9e1010; }<\/style>\n\n<p>Doch dann kam der Moment, in dem der Imam vor die Versammlung trat, um zwei Koranpassagen auf Arabisch und dann auf Franz\u00f6sisch vorzulesen. Ruhig und feierlich lie\u00df er die Anwesenden wissen, dass Ibrahim, der Abraham des Korans, eine Botschaft zu verk\u00fcnden hatte, die sich von der Konsensrede, die sie vielleicht von ihm erwartet hatten, deutlich unterschied. <\/p>\n\n<p>Wenn man genau hinh\u00f6rte und die Verse der Suren, die er zitierte (2.127-134 und 3.64), im Nachhinein noch einmal las, musste man feststellen, dass Ibrahim diesen Zuh\u00f6rern Vorw\u00fcrfe machte, und zwar nicht wenig. Er erinnerte sie daran, dass er, Ibrahim, sich Allah unterworfen hatte und dass er seine Nachkommen aufgefordert hatte, dies ebenfalls zu tun. Er betete zu Allah und bat ihn, einen Propheten &#8211; Muhammad &#8211; zu senden, der den arabischen St\u00e4mmen die Verse Allahs vortragen, sie das Buch lehren und sie von ihrem Polytheismus reinigen sollte.  <\/p>\n\n<div><\/div>\n\n<h2 class=\"wp-block-heading has-9-e-1010-color has-text-color\" id=\"block-0b643eb1-bcf3-44c6-805c-5f6d4d3559e0\"><strong>Ein Aufruf zur Umkehr<\/strong><\/h2><style>#block-0b643eb1-bcf3-44c6-805c-5f6d4d3559e0 h2, #block-0b643eb1-bcf3-44c6-805c-5f6d4d3559e0 h3, #block-0b643eb1-bcf3-44c6-805c-5f6d4d3559e0 h4, #block-0b643eb1-bcf3-44c6-805c-5f6d4d3559e0 h5 , #block-0b643eb1-bcf3-44c6-805c-5f6d4d3559e0 { color: #9e1010; }<\/style>\n\n<p>All dies mag als einfache historische Erinnerung an die Anf\u00e4nge des Islams erscheinen. Aber die zitierten Passagen gingen dar\u00fcber hinaus. Ein Vers besagt, dass nur Narren die Religion Abrahams (Islam) verabscheuen k\u00f6nnen und Sure 3,64, die zum Schluss gelesen wurde, rief Juden und Christen dazu auf, den Koran als gemeinsames Wort anzunehmen und keinen anderen Herrn als Allah zu haben. Im Klartext: Die Konversion zum Islam ist der k\u00fcrzeste Weg zum Frieden!   <\/p>\n\n<p><strong>Lesen Sie auch: <a href=\"https:\/\/iqri.org\/le-frerisme\/\">Die Freimaurerei und ihre Netzwerke<\/a><\/strong><\/p>\n\n<div><\/div>\n\n<h2 class=\"wp-block-heading has-9-e-1010-color has-text-color\" id=\"block-ad709bd0-8553-48ef-a573-e7143bcf623b\"><strong>Eine irref\u00fchrende Rede<\/strong><\/h2><style>#block-ad709bd0-8553-48ef-a573-e7143bcf623b h2, #block-ad709bd0-8553-48ef-a573-e7143bcf623b h3, #block-ad709bd0-8553-48ef-a573-e7143bcf623b h4, #block-ad709bd0-8553-48ef-a573-e7143bcf623b h5 , #block-ad709bd0-8553-48ef-a573-e7143bcf623b { color: #9e1010; }<\/style>\n\n<p>Im Gegensatz zu den Lesungen des Imams hielt der Vertreter der Union vaudoise des associations musulmanes eine beruhigende Rede an die Zuh\u00f6rer. Er betonte, dass der Geist des Friedens und der Gastfreundschaft Werte seien, die von allen religi\u00f6sen Traditionen, die sich zu diesem Anlass versammelten, geteilt w\u00fcrden. Wichtiger noch, er betonte, dass Abraham <em>&#8222;auch derjenige ist, der willkommen hei\u00dft, der sein Zelt f\u00fcr den Fremden \u00f6ffnet, der das Brot anbietet &#8230; ohne den Besucher zu fragen, woher er kommt oder woran er glaubt. Er verk\u00f6rpert diese radikale Gastfreundschaft, die der Beginn jedes dauerhaften Friedens ist&#8220;.<\/em> Alles in allem ein Aufruf, freundlich zu sein und uns nicht um die Tragweite der Verse zu sorgen, die der Imam gerade vorgelesen hatte.  <\/p>\n\n<p><strong>Lesen Sie auch<\/strong>: <a href=\"https:\/\/iqri.org\/la-taqiya-2\/\"><strong>Taqiya: Vorsicht und Verschleierung<\/strong><\/a><\/p>\n\n<div><\/div>\n\n<h2 class=\"wp-block-heading has-9-e-1010-color has-text-color\" id=\"block-95e406cb-4159-4742-ac8f-6bfff6c37018\"><strong>Die vergessenen Regeln des interreligi\u00f6sen Dialogs<\/strong><\/h2><style>#block-95e406cb-4159-4742-ac8f-6bfff6c37018 h2, #block-95e406cb-4159-4742-ac8f-6bfff6c37018 h3, #block-95e406cb-4159-4742-ac8f-6bfff6c37018 h4, #block-95e406cb-4159-4742-ac8f-6bfff6c37018 h5 , #block-95e406cb-4159-4742-ac8f-6bfff6c37018 { color: #9e1010; }<\/style>\n\n<p>Nach der Zeremonie dachte wahrscheinlich keiner der Teilnehmer daran, dem Imam daf\u00fcr zu danken, dass er uns so klar gesagt hatte, wie der Islam <em>&#8222;auf der Grundlage der Figur Abrahams&#8220;<\/em> <em>den &#8222;Aufbau des Friedens in der Gastfreundschaft&#8220;<\/em> versteht. Jetzt kann es jeder verstehen: Allah gibt seinen Frieden nur denen, die sich ihm wie Ibrahim unterwerfen. <\/p>\n\n<p>Diese interreligi\u00f6se Feier, die den H\u00f6hepunkt der Feierlichkeiten zum <sup>750-j\u00e4hrigen<\/sup> Jubil\u00e4um der Kathedrale von Lausanne darstellt, k\u00f6nnte einen historischen Wendepunkt markieren. Es ist zu hoffen, dass die interreligi\u00f6se Plattform von nun an eine klarere Praxis in Bezug auf die Beziehungen zwischen den Religionsgemeinschaften haben wird. Wenn wir von &#8222;Frieden&#8220; sprechen, haben wir uns dann die Zeit genommen, zu definieren, was wir damit meinen? Handelt es sich um einen &#8222;Frieden&#8220;, den eine Religion erzwingt, indem sie alle anderen zur Bedeutungslosigkeit degradiert, oder ist er das Ergebnis einer politischen Organisation, die den Anh\u00e4ngern jeder Religion die Freiheit der Religionsaus\u00fcbung zuerkennt? Und wenn wir uns auf Abraham als gemeinsame Figur von Juden, Christen und Muslimen berufen, sind wir dann sicher, dass es sich um die gleiche Person handelt? Ist der Ibrahim, der mit seinem Sohn Ismael nach Mekka reist, um die Kaaba zu bauen, und den Muhammad als Vorbild f\u00fcr den Monotheismus darstellt, den er selbst gepredigt hat, wirklich der Abraham aus der Bibel?     <\/p>\n\n<div><\/div>\n\n<h2 class=\"wp-block-heading has-9-e-1010-color has-text-color\" id=\"block-e45b9435-0964-4dc2-9e72-bc96af2c75fc\"><strong>Keine hegemoniale Religion<\/strong><\/h2><style>#block-e45b9435-0964-4dc2-9e72-bc96af2c75fc h2, #block-e45b9435-0964-4dc2-9e72-bc96af2c75fc h3, #block-e45b9435-0964-4dc2-9e72-bc96af2c75fc h4, #block-e45b9435-0964-4dc2-9e72-bc96af2c75fc h5 , #block-e45b9435-0964-4dc2-9e72-bc96af2c75fc { color: #9e1010; }<\/style>\n\n<p>Diese Fragen sind unangenehm zu stellen. Aber wie wir immer wieder erkennen, kann Frieden nur auf der Grundlage der Freiheit des anderen, anders zu glauben, entstehen. Wenn der Imam, der in der Kathedrale sprach &#8211; und das ist sein Verdienst &#8211; die Bedeutung der Botschaft des Korans nicht ver\u00e4ndert hat, warum sollten dann diejenigen, die ihren Glauben auf die Bibel oder ein anderes Buch gr\u00fcnden, ihren Glauben vor den Muslimen ver\u00e4ndern?  <\/p>\n\n<p>Aber wie k\u00f6nnen wir dann zusammenleben? Hier beginnt ein schwieriger Lernprozess: unsere \u00dcberzeugungen frei zu bezeugen und gleichzeitig die Freiheit der anderen zu respektieren, anders zu glauben oder nicht zu glauben. Eine Zur\u00fcckhaltung, die von den Mitgliedern der &#8222;universellen&#8220; Religionen nicht immer eingehalten wird und die oftmals durch die Verschmelzung von Religion und Politik versucht wird. Trotz aller M\u00e4ngel hat der S\u00e4kularismus uns noch einige Dienste zu erweisen.   <\/p>\n","protected":false},"excerpt":{"rendered":"<p>Am 16. November 2025 organisierte die interreligi\u00f6se Plattform des Kantons Waadt in der Kathedrale von Lausanne eine Feier unter dem Motto &#8222;Frieden, Dialog und Gastfreundschaft&#8220;. Was war das Ziel? Ausgehend von der Figur Abrahams sollte Frieden im Geiste der Gastfreundschaft geschaffen werden.  <\/p>\n","protected":false},"author":2,"featured_media":39985,"comment_status":"closed","ping_status":"open","sticky":false,"template":"","format":"standard","meta":{"_acf_changed":false,"footnotes":""},"categories":[692],"tags":[685,693],"coauthors":[47],"class_list":["post-39984","post","type-post","status-publish","format-standard","has-post-thumbnail","hentry","category-dawa","tag-koran","tag-religionsfreiheit"],"acf":[],"yoast_head":"<!-- This site is optimized with the Yoast SEO plugin v26.8 - https:\/\/yoast.com\/product\/yoast-seo-wordpress\/ -->\n<title>Lehren aus einer interreligi\u00f6sen Feier - IQRI.org<\/title>\n<meta name=\"description\" content=\"Die interreligi\u00f6se Plattform des Kantons Waadt organisierte eine Feier unter dem Motto &quot;Frieden, Dialog und Gastfreundschaft&quot;.\" \/>\n<meta name=\"robots\" content=\"index, follow, max-snippet:-1, max-image-preview:large, max-video-preview:-1\" \/>\n<link rel=\"canonical\" href=\"https:\/\/iqri.org\/de\/lehren-aus-einer-interreligioesen-feier\/\" \/>\n<meta property=\"og:locale\" content=\"de_DE\" \/>\n<meta property=\"og:type\" content=\"article\" \/>\n<meta property=\"og:title\" content=\"Lehren aus einer interreligi\u00f6sen Feier - IQRI.org\" \/>\n<meta property=\"og:description\" content=\"Die interreligi\u00f6se Plattform des Kantons Waadt organisierte eine Feier unter dem Motto &quot;Frieden, Dialog und Gastfreundschaft&quot;.\" \/>\n<meta property=\"og:url\" content=\"https:\/\/iqri.org\/de\/lehren-aus-einer-interreligioesen-feier\/\" \/>\n<meta property=\"og:site_name\" content=\"IQRI.org\" \/>\n<meta property=\"article:published_time\" content=\"2025-12-10T14:08:35+00:00\" \/>\n<meta property=\"article:modified_time\" content=\"2026-02-05T12:43:10+00:00\" \/>\n<meta property=\"og:image\" content=\"https:\/\/iqri.org\/wp-content\/uploads\/2025\/12\/44041704574_782f23607c_b.jpg\" \/>\n\t<meta property=\"og:image:width\" content=\"1024\" \/>\n\t<meta property=\"og:image:height\" content=\"683\" \/>\n\t<meta property=\"og:image:type\" content=\"image\/jpeg\" \/>\n<meta name=\"author\" content=\"Christian Bibollet\" \/>\n<meta name=\"twitter:card\" content=\"summary_large_image\" \/>\n<meta name=\"twitter:label1\" content=\"Verfasst von\" \/>\n\t<meta name=\"twitter:data1\" content=\"Christian Bibollet\" \/>\n\t<meta name=\"twitter:label2\" content=\"Gesch\u00e4tzte Lesezeit\" \/>\n\t<meta name=\"twitter:data2\" content=\"4\u00a0Minuten\" \/>\n\t<meta name=\"twitter:label3\" content=\"Written by\" \/>\n\t<meta name=\"twitter:data3\" content=\"Christian Bibollet\" \/>\n<script type=\"application\/ld+json\" class=\"yoast-schema-graph\">{\"@context\":\"https:\/\/schema.org\",\"@graph\":[{\"@type\":\"Article\",\"@id\":\"https:\/\/iqri.org\/de\/lehren-aus-einer-interreligioesen-feier\/#article\",\"isPartOf\":{\"@id\":\"https:\/\/iqri.org\/de\/lehren-aus-einer-interreligioesen-feier\/\"},\"author\":{\"name\":\"Christian Bibollet\",\"@id\":\"https:\/\/iqri.org\/de\/#\/schema\/person\/2d350a3546efa556f1cc6841a09651f7\"},\"headline\":\"Lehren aus einer interreligi\u00f6sen Feier\",\"datePublished\":\"2025-12-10T14:08:35+00:00\",\"dateModified\":\"2026-02-05T12:43:10+00:00\",\"mainEntityOfPage\":{\"@id\":\"https:\/\/iqri.org\/de\/lehren-aus-einer-interreligioesen-feier\/\"},\"wordCount\":880,\"image\":{\"@id\":\"https:\/\/iqri.org\/de\/lehren-aus-einer-interreligioesen-feier\/#primaryimage\"},\"thumbnailUrl\":\"https:\/\/iqri.org\/wp-content\/uploads\/2025\/12\/44041704574_782f23607c_b.jpg\",\"keywords\":[\"Koran\",\"Religionsfreiheit\"],\"articleSection\":[\"Dawa\"],\"inLanguage\":\"de\"},{\"@type\":\"WebPage\",\"@id\":\"https:\/\/iqri.org\/de\/lehren-aus-einer-interreligioesen-feier\/\",\"url\":\"https:\/\/iqri.org\/de\/lehren-aus-einer-interreligioesen-feier\/\",\"name\":\"Lehren aus einer interreligi\u00f6sen Feier - IQRI.org\",\"isPartOf\":{\"@id\":\"https:\/\/iqri.org\/de\/#website\"},\"primaryImageOfPage\":{\"@id\":\"https:\/\/iqri.org\/de\/lehren-aus-einer-interreligioesen-feier\/#primaryimage\"},\"image\":{\"@id\":\"https:\/\/iqri.org\/de\/lehren-aus-einer-interreligioesen-feier\/#primaryimage\"},\"thumbnailUrl\":\"https:\/\/iqri.org\/wp-content\/uploads\/2025\/12\/44041704574_782f23607c_b.jpg\",\"datePublished\":\"2025-12-10T14:08:35+00:00\",\"dateModified\":\"2026-02-05T12:43:10+00:00\",\"author\":{\"@id\":\"https:\/\/iqri.org\/de\/#\/schema\/person\/2d350a3546efa556f1cc6841a09651f7\"},\"description\":\"Die interreligi\u00f6se Plattform des Kantons Waadt organisierte eine Feier unter dem Motto \\\"Frieden, Dialog und Gastfreundschaft\\\".\",\"breadcrumb\":{\"@id\":\"https:\/\/iqri.org\/de\/lehren-aus-einer-interreligioesen-feier\/#breadcrumb\"},\"inLanguage\":\"de\",\"potentialAction\":[{\"@type\":\"ReadAction\",\"target\":[\"https:\/\/iqri.org\/de\/lehren-aus-einer-interreligioesen-feier\/\"]}]},{\"@type\":\"ImageObject\",\"inLanguage\":\"de\",\"@id\":\"https:\/\/iqri.org\/de\/lehren-aus-einer-interreligioesen-feier\/#primaryimage\",\"url\":\"https:\/\/iqri.org\/wp-content\/uploads\/2025\/12\/44041704574_782f23607c_b.jpg\",\"contentUrl\":\"https:\/\/iqri.org\/wp-content\/uploads\/2025\/12\/44041704574_782f23607c_b.jpg\",\"width\":1024,\"height\":683},{\"@type\":\"BreadcrumbList\",\"@id\":\"https:\/\/iqri.org\/de\/lehren-aus-einer-interreligioesen-feier\/#breadcrumb\",\"itemListElement\":[{\"@type\":\"ListItem\",\"position\":1,\"name\":\"Accueil\",\"item\":\"https:\/\/iqri.org\/de\/startseite\/\"},{\"@type\":\"ListItem\",\"position\":2,\"name\":\"Lehren aus einer interreligi\u00f6sen Feier\"}]},{\"@type\":\"WebSite\",\"@id\":\"https:\/\/iqri.org\/de\/#website\",\"url\":\"https:\/\/iqri.org\/de\/\",\"name\":\"IQRI.org\",\"description\":\"Institut pour les Questions Relatives \u00e0 l\u2019Islam\",\"potentialAction\":[{\"@type\":\"SearchAction\",\"target\":{\"@type\":\"EntryPoint\",\"urlTemplate\":\"https:\/\/iqri.org\/de\/?s={search_term_string}\"},\"query-input\":{\"@type\":\"PropertyValueSpecification\",\"valueRequired\":true,\"valueName\":\"search_term_string\"}}],\"inLanguage\":\"de\"},{\"@type\":\"Person\",\"@id\":\"https:\/\/iqri.org\/de\/#\/schema\/person\/2d350a3546efa556f1cc6841a09651f7\",\"name\":\"Christian Bibollet\",\"image\":{\"@type\":\"ImageObject\",\"inLanguage\":\"de\",\"@id\":\"https:\/\/iqri.org\/de\/#\/schema\/person\/image\/e372f5f63816081539161c52a857f990\",\"url\":\"https:\/\/secure.gravatar.com\/avatar\/80af0e564a1d8f7306488340308561c41574e6867a69e153a4cb789f1147575f?s=96&d=mm&r=g\",\"contentUrl\":\"https:\/\/secure.gravatar.com\/avatar\/80af0e564a1d8f7306488340308561c41574e6867a69e153a4cb789f1147575f?s=96&d=mm&r=g\",\"caption\":\"Christian Bibollet\"},\"url\":\"https:\/\/iqri.org\/de\/author\/cbibolletbluewin-ch\/\"}]}<\/script>\n<!-- \/ Yoast SEO plugin. -->","yoast_head_json":{"title":"Lehren aus einer interreligi\u00f6sen Feier - IQRI.org","description":"Die interreligi\u00f6se Plattform des Kantons Waadt organisierte eine Feier unter dem Motto \"Frieden, Dialog und Gastfreundschaft\".","robots":{"index":"index","follow":"follow","max-snippet":"max-snippet:-1","max-image-preview":"max-image-preview:large","max-video-preview":"max-video-preview:-1"},"canonical":"https:\/\/iqri.org\/de\/lehren-aus-einer-interreligioesen-feier\/","og_locale":"de_DE","og_type":"article","og_title":"Lehren aus einer interreligi\u00f6sen Feier - IQRI.org","og_description":"Die interreligi\u00f6se Plattform des Kantons Waadt organisierte eine Feier unter dem Motto \"Frieden, Dialog und Gastfreundschaft\".","og_url":"https:\/\/iqri.org\/de\/lehren-aus-einer-interreligioesen-feier\/","og_site_name":"IQRI.org","article_published_time":"2025-12-10T14:08:35+00:00","article_modified_time":"2026-02-05T12:43:10+00:00","og_image":[{"width":1024,"height":683,"url":"https:\/\/iqri.org\/wp-content\/uploads\/2025\/12\/44041704574_782f23607c_b.jpg","type":"image\/jpeg"}],"author":"Christian Bibollet","twitter_card":"summary_large_image","twitter_misc":{"Verfasst von":"Christian Bibollet","Gesch\u00e4tzte Lesezeit":"4\u00a0Minuten","Written by":"Christian Bibollet"},"schema":{"@context":"https:\/\/schema.org","@graph":[{"@type":"Article","@id":"https:\/\/iqri.org\/de\/lehren-aus-einer-interreligioesen-feier\/#article","isPartOf":{"@id":"https:\/\/iqri.org\/de\/lehren-aus-einer-interreligioesen-feier\/"},"author":{"name":"Christian Bibollet","@id":"https:\/\/iqri.org\/de\/#\/schema\/person\/2d350a3546efa556f1cc6841a09651f7"},"headline":"Lehren aus einer interreligi\u00f6sen Feier","datePublished":"2025-12-10T14:08:35+00:00","dateModified":"2026-02-05T12:43:10+00:00","mainEntityOfPage":{"@id":"https:\/\/iqri.org\/de\/lehren-aus-einer-interreligioesen-feier\/"},"wordCount":880,"image":{"@id":"https:\/\/iqri.org\/de\/lehren-aus-einer-interreligioesen-feier\/#primaryimage"},"thumbnailUrl":"https:\/\/iqri.org\/wp-content\/uploads\/2025\/12\/44041704574_782f23607c_b.jpg","keywords":["Koran","Religionsfreiheit"],"articleSection":["Dawa"],"inLanguage":"de"},{"@type":"WebPage","@id":"https:\/\/iqri.org\/de\/lehren-aus-einer-interreligioesen-feier\/","url":"https:\/\/iqri.org\/de\/lehren-aus-einer-interreligioesen-feier\/","name":"Lehren aus einer interreligi\u00f6sen Feier - IQRI.org","isPartOf":{"@id":"https:\/\/iqri.org\/de\/#website"},"primaryImageOfPage":{"@id":"https:\/\/iqri.org\/de\/lehren-aus-einer-interreligioesen-feier\/#primaryimage"},"image":{"@id":"https:\/\/iqri.org\/de\/lehren-aus-einer-interreligioesen-feier\/#primaryimage"},"thumbnailUrl":"https:\/\/iqri.org\/wp-content\/uploads\/2025\/12\/44041704574_782f23607c_b.jpg","datePublished":"2025-12-10T14:08:35+00:00","dateModified":"2026-02-05T12:43:10+00:00","author":{"@id":"https:\/\/iqri.org\/de\/#\/schema\/person\/2d350a3546efa556f1cc6841a09651f7"},"description":"Die interreligi\u00f6se Plattform des Kantons Waadt organisierte eine Feier unter dem Motto \"Frieden, Dialog und Gastfreundschaft\".","breadcrumb":{"@id":"https:\/\/iqri.org\/de\/lehren-aus-einer-interreligioesen-feier\/#breadcrumb"},"inLanguage":"de","potentialAction":[{"@type":"ReadAction","target":["https:\/\/iqri.org\/de\/lehren-aus-einer-interreligioesen-feier\/"]}]},{"@type":"ImageObject","inLanguage":"de","@id":"https:\/\/iqri.org\/de\/lehren-aus-einer-interreligioesen-feier\/#primaryimage","url":"https:\/\/iqri.org\/wp-content\/uploads\/2025\/12\/44041704574_782f23607c_b.jpg","contentUrl":"https:\/\/iqri.org\/wp-content\/uploads\/2025\/12\/44041704574_782f23607c_b.jpg","width":1024,"height":683},{"@type":"BreadcrumbList","@id":"https:\/\/iqri.org\/de\/lehren-aus-einer-interreligioesen-feier\/#breadcrumb","itemListElement":[{"@type":"ListItem","position":1,"name":"Accueil","item":"https:\/\/iqri.org\/de\/startseite\/"},{"@type":"ListItem","position":2,"name":"Lehren aus einer interreligi\u00f6sen Feier"}]},{"@type":"WebSite","@id":"https:\/\/iqri.org\/de\/#website","url":"https:\/\/iqri.org\/de\/","name":"IQRI.org","description":"Institut pour les Questions Relatives \u00e0 l\u2019Islam","potentialAction":[{"@type":"SearchAction","target":{"@type":"EntryPoint","urlTemplate":"https:\/\/iqri.org\/de\/?s={search_term_string}"},"query-input":{"@type":"PropertyValueSpecification","valueRequired":true,"valueName":"search_term_string"}}],"inLanguage":"de"},{"@type":"Person","@id":"https:\/\/iqri.org\/de\/#\/schema\/person\/2d350a3546efa556f1cc6841a09651f7","name":"Christian Bibollet","image":{"@type":"ImageObject","inLanguage":"de","@id":"https:\/\/iqri.org\/de\/#\/schema\/person\/image\/e372f5f63816081539161c52a857f990","url":"https:\/\/secure.gravatar.com\/avatar\/80af0e564a1d8f7306488340308561c41574e6867a69e153a4cb789f1147575f?s=96&d=mm&r=g","contentUrl":"https:\/\/secure.gravatar.com\/avatar\/80af0e564a1d8f7306488340308561c41574e6867a69e153a4cb789f1147575f?s=96&d=mm&r=g","caption":"Christian Bibollet"},"url":"https:\/\/iqri.org\/de\/author\/cbibolletbluewin-ch\/"}]}},"_links":{"self":[{"href":"https:\/\/iqri.org\/de\/wp-json\/wp\/v2\/posts\/39984","targetHints":{"allow":["GET"]}}],"collection":[{"href":"https:\/\/iqri.org\/de\/wp-json\/wp\/v2\/posts"}],"about":[{"href":"https:\/\/iqri.org\/de\/wp-json\/wp\/v2\/types\/post"}],"author":[{"embeddable":true,"href":"https:\/\/iqri.org\/de\/wp-json\/wp\/v2\/users\/2"}],"replies":[{"embeddable":true,"href":"https:\/\/iqri.org\/de\/wp-json\/wp\/v2\/comments?post=39984"}],"version-history":[{"count":1,"href":"https:\/\/iqri.org\/de\/wp-json\/wp\/v2\/posts\/39984\/revisions"}],"predecessor-version":[{"id":39988,"href":"https:\/\/iqri.org\/de\/wp-json\/wp\/v2\/posts\/39984\/revisions\/39988"}],"wp:featuredmedia":[{"embeddable":true,"href":"https:\/\/iqri.org\/de\/wp-json\/wp\/v2\/media\/39985"}],"wp:attachment":[{"href":"https:\/\/iqri.org\/de\/wp-json\/wp\/v2\/media?parent=39984"}],"wp:term":[{"taxonomy":"category","embeddable":true,"href":"https:\/\/iqri.org\/de\/wp-json\/wp\/v2\/categories?post=39984"},{"taxonomy":"post_tag","embeddable":true,"href":"https:\/\/iqri.org\/de\/wp-json\/wp\/v2\/tags?post=39984"},{"taxonomy":"author","embeddable":true,"href":"https:\/\/iqri.org\/de\/wp-json\/wp\/v2\/coauthors?post=39984"}],"curies":[{"name":"wp","href":"https:\/\/api.w.org\/{rel}","templated":true}]}}