{"id":39893,"date":"2025-02-27T14:00:38","date_gmt":"2025-02-27T13:00:38","guid":{"rendered":"https:\/\/iqri.org\/einige-unbekannte-aspekte-des-fastens-im-ramadan\/"},"modified":"2026-02-05T08:36:54","modified_gmt":"2026-02-05T07:36:54","slug":"einige-unbekannte-aspekte-des-fastens-im-ramadan","status":"publish","type":"post","link":"https:\/\/iqri.org\/de\/einige-unbekannte-aspekte-des-fastens-im-ramadan\/","title":{"rendered":"Einige unbekannte Aspekte des Fastens im Ramadan"},"content":{"rendered":"&#13;\n<p><strong>Der Autor dieses Artikels, Sami Aldeeb, st\u00fctzt sich auf verschiedene, vor allem arabische Quellen und beleuchtet einige unbekannte Aspekte des Fastens im Ramadan.  <\/strong><\/p>&#13;\n\r\n<div>\u00a0<\/div>\r\n&#13;\n<h2 id=\"block-48ebaca4-18cc-46a0-b077-5f8b0ad57fe4\" class=\"wp-block-heading has-text-color has-medium-font-size\" style=\"color: #b51818;\"><strong>Verbindlicher Charakter  <\/strong><\/h2>&#13;\n<p><style>#block-48ebaca4-18cc-46a0-b077-5f8b0ad57fe4 h2, #block-48ebaca4-18cc-46a0-b077-5f8b0ad57fe4 h3, #block-48ebaca4-18cc-46a0-b077-5f8b0ad57fe4 h4, #block-48ebaca4-18cc-46a0-b077-5f8b0ad57fe4 h5 , #block-48ebaca4-18cc-46a0-b077-5f8b0ad57fe4 { color: undefined; }<\/style><\/p>&#13;\n&#13;\n<p>Ramadan ist der neunte Monat im Kalender der Hedschra. In diesem Monat m\u00fcssen Muslime von Sonnenaufgang bis Sonnenuntergang auf Essen, Trinken, Rauchen und Sex verzichten, es sei denn, sie haben einen triftigen Grund nach muslimischem Recht (Quran 2:187) <a href=\"#_edn1\" name=\"_ednref1\">[1]<\/a>. Mohammed sagte: <span style=\"color: #339966;\">&#8222;Befiehlt euren Kindern zu beten, wenn sie sieben Jahre alt sind, und schlagt sie, wenn sie zehn Jahre alt sind&#8220;<\/span> <a href=\"#_edn2\" name=\"_ednref2\">[2]<\/a>. Dieses Gebot wird auf das Fasten ausgedehnt<a href=\"#_edn3\" name=\"_ednref3\">[3]<\/a>. Das bedeutet, dass das Fasten im Prinzip ab dem siebten Lebensjahr angeordnet werden kann.    <\/p>&#13;\n&#13;\n<p>Die Dauer des Fastens kann je nach Land und Jahr zwischen 10 und 21 Stunden pro Tag variieren. In Afrika liegt sie zwischen 11 und 14 Stunden, in Europa zwischen 17 und 19 Stunden, in China und den USA zwischen 15 und 17 Stunden. F\u00fcr diejenigen, die an der S\u00fcdspitze S\u00fcdamerikas leben<a name=\"_ftnref4\"><\/a>, betr\u00e4gt sie nur 10 Stunden<a href=\"#_edn4\" name=\"_ednref4\">[4]<\/a> Der Monat Ramadan kann je nach Jahr in den Winter oder Sommer fallen, ist aber besonders anstrengend, wenn er in einer hei\u00dfen Periode eingehalten werden muss.  <\/p>&#13;\n&#13;\n<p>Es bedarf keiner gro\u00dfen Kenntnisse, um die physischen und psychischen Folgen eines solchen Fastens zu erahnen. Selbst gesunde und kr\u00e4ftige Menschen leiden darunter. Ein Auto ohne Treibstoff kann nicht fahren, es sei denn, es rutscht einen Abhang hinunter, mit allen Risiken, die das mit sich bringt. Wie das ber\u00fchmte lateinische Sprichwort sagt: &#8220; <em>Mens sana in corpore sano<\/em>&#8220; (&#8222;Ein gesunder Geist in einem gesunden K\u00f6rper&#8220;).   <\/p>&#13;\n&#13;\n<h2 id=\"block-39f12016-4c05-407e-a204-c09f1d18c368\" class=\"wp-block-heading has-text-color has-medium-font-size\" style=\"color: #b51818;\"><strong>Fasten und Arbeit: Gefahr!<\/strong><\/h2>&#13;\n<p><style>#block-39f12016-4c05-407e-a204-c09f1d18c368 h2, #block-39f12016-4c05-407e-a204-c09f1d18c368 h3, #block-39f12016-4c05-407e-a204-c09f1d18c368 h4, #block-39f12016-4c05-407e-a204-c09f1d18c368 h5 , #block-39f12016-4c05-407e-a204-c09f1d18c368 { color: undefined; }<\/style><\/p>&#13;\n&#13;\n<p>Die d\u00e4nische Ministerin f\u00fcr Immigration und Integration rief Muslime dazu auf, w\u00e4hrend des Ramadan Urlaub zu nehmen. &#8222;Ich rufe die Muslime auf, w\u00e4hrend des Ramadan Urlaub zu nehmen. Sie werden dem Rest der d\u00e4nischen Gesellschaft Probleme ersparen&#8220;. In einem von der Boulevardzeitung BT ver\u00f6ffentlichten Beitrag sagte Inger St\u00f8jberg: &#8222;Ich frage mich, ob ein 1400 Jahre alter religi\u00f6ser Imperativ mit der Gesellschaft und dem Arbeitsmarkt in D\u00e4nemark im Jahr 2018 vereinbar ist&#8220;. Sie sagte, sie sei besorgt \u00fcber die Auswirkungen des Fastens auf &#8222;Sicherheit und Produktivit\u00e4t&#8220;. Beispielsweise h\u00e4tten Busfahrer &#8222;seit mehr als zehn Stunden weder gegessen noch getrunken&#8220;. &#8222;Dies kann f\u00fcr uns alle gef\u00e4hrlich sein&#8220;, warnte sie<a href=\"#_edn5\" name=\"_ednref5\">[5]<\/a>.     <\/p>&#13;\n&#13;\n<h2 id=\"block-f048d7a6-22da-45b6-afac-cb36381122cf\" class=\"wp-block-heading has-text-color has-medium-font-size\" style=\"color: #b51818;\"><strong>Fasten und Arbeit in muslimischen L\u00e4ndern  <\/strong><\/h2>&#13;\n<p><style>#block-f048d7a6-22da-45b6-afac-cb36381122cf h2, #block-f048d7a6-22da-45b6-afac-cb36381122cf h3, #block-f048d7a6-22da-45b6-afac-cb36381122cf h4, #block-f048d7a6-22da-45b6-afac-cb36381122cf h5 , #block-f048d7a6-22da-45b6-afac-cb36381122cf { color: undefined; }<\/style><\/p>&#13;\n&#13;\n<p>Ohne so weit wie die d\u00e4nische Ministerin zu gehen, sind sich die arabischen und muslimischen L\u00e4nder dieses Problems bewusst. Sie haben angepasste Arbeitszeiten f\u00fcr die Arbeitswelt sowie f\u00fcr Schulen und Universit\u00e4ten. Hier einige Beispiele f\u00fcr offizielle Arbeitszeiten w\u00e4hrend des Monats Ramadan:  <\/p>&#13;\n\r\n<ul class=\"wp-block-list\">&#13;\n<li>In Kuwait von 9.30 bis 14.00 Uhr<a href=\"#_edn6\" name=\"_ednref6\">[6]<\/a>.<\/li>&#13;\n\r\n\r\n&#13;\n<li>In Jordanien um f\u00fcnf Stunden pro Tag<a href=\"#_edn7\" name=\"_ednref7\">[7]<\/a>.<\/li>&#13;\n\r\n\r\n&#13;\n<li>In Katar von 9.00 bis 14.00 Uhr<a href=\"#_edn8\" name=\"_ednref8\">[8]<\/a>.<\/li>&#13;\n\r\n\r\n&#13;\n<li>In Tunesien von 8.30 bis 15.00 Uhr.<\/li>&#13;\n\r\n\r\n&#13;\n<li>In Marokko von 9.00 bis 15.00 Uhr<a href=\"#_edn9\" name=\"_ednref9\">[9]<\/a>.<\/li>&#13;\n\r\n\r\n&#13;\n<li>In Saudi-Arabien von 10.00 bis 15.00 Uhr,<\/li>&#13;\n\r\n\r\n&#13;\n<li>In \u00c4gypten von 9.00 bis 14.00 Uhr<a href=\"#_edn10\" name=\"_ednref10\">[10]<\/a>. <\/li>&#13;\n<\/ul>\r\n&#13;\n<h2 id=\"block-8416cc90-2a6f-4b05-bedd-c9b52e894170\" class=\"wp-block-heading has-b-51818-color has-text-color has-medium-font-size\"><strong>\u00dcbersch\u00fcsse und Gesundheitsrisiken<\/strong><\/h2>&#13;\n<p><style>#block-8416cc90-2a6f-4b05-bedd-c9b52e894170 h2, #block-8416cc90-2a6f-4b05-bedd-c9b52e894170 h3, #block-8416cc90-2a6f-4b05-bedd-c9b52e894170 h4, #block-8416cc90-2a6f-4b05-bedd-c9b52e894170 h5 , #block-8416cc90-2a6f-4b05-bedd-c9b52e894170 { color: #b51818; }<\/style><\/p>&#13;\n&#13;\n<p>Der Monat Ramadan soll ein Monat der Einschr\u00e4nkung und Selbstbeherrschung sein. Dennoch ist er der Monat, in dem die Muslime am meisten f\u00fcr Lebensmittel ausgeben. Daf\u00fcr gibt es zwei Gr\u00fcnde. Zum einen steigen die Lebensmittelpreise \u00fcberm\u00e4\u00dfig an, was auf mehreren Internetseiten<a name=\"_ftnref11\"><\/a> dokumentiert ist, <a href=\"#_edn11\" name=\"_ednref11\">[11]<\/a>die auf ca. 30% gesch\u00e4tzt werden<a href=\"#_edn12\" name=\"_ednref12\">[12]<\/a>. Zum anderen f\u00fchrt \u00fcberm\u00e4\u00dfiges Essen zu bestimmten Krankheiten, vor denen einige Webseiten warnen<a href=\"#_edn13\" name=\"_ednref13\">[13]<\/a>.    <\/p>&#13;\n&#13;\n<h2 id=\"block-84b240da-d4fb-4aac-b887-82198293344d\" class=\"wp-block-heading has-text-color has-medium-font-size\" style=\"color: #b51818;\"><strong>Gewalt und Aggression<\/strong><\/h2>&#13;\n<p><style>#block-84b240da-d4fb-4aac-b887-82198293344d h2, #block-84b240da-d4fb-4aac-b887-82198293344d h3, #block-84b240da-d4fb-4aac-b887-82198293344d h4, #block-84b240da-d4fb-4aac-b887-82198293344d h5 , #block-84b240da-d4fb-4aac-b887-82198293344d { color: undefined; }<\/style><\/p>&#13;\n&#13;\n<p>Viele Websites berichten auch \u00fcber die Zunahme von Gewalttaten w\u00e4hrend dieser Zeit. In einem marokkanischen Video best\u00e4tigt ein Richter dieses Ph\u00e4nomen, das als <em>Taramadinah<\/em> bezeichnet wird, d.h. <em>Gewalt, die f\u00fcr den Ramadan typ<\/em>isch ist. Diese Gewalt, verbal oder physisch, f\u00fchrt manchmal zu einem unfreiwilligen Tod aus oft nichtigen Gr\u00fcnden und kann sowohl von Erwachsenen als auch von Minderj\u00e4hrigen ausgehen<a href=\"#_edn14\" name=\"_ednref14\">[14]<\/a>. Es scheint einen klaren Zusammenhang zwischen dem physischen und psychischen Zwang des Fastens und diesen Gewalttaten zu geben.   <\/p>&#13;\n&#13;\n<figure><img decoding=\"async\" class=\"wp-image-30767\" src=\"http:\/\/iqri.org\/wp-content\/uploads\/2018\/12\/Capture-d&#x2019;e&#x301;cran-2018-12-13-a&#x300;-14.37.39-300x130.png\" alt=\"\"\/><\/figure>&#13;\n&#13;\n<p>Ein Artikel auf einer algerischen Website<a href=\"#_edn15\" name=\"_ednref15\">[15]<\/a> berichtet, dass der Ramadan in Algier zu einem Monat der Gewalt und Schl\u00e4gereien in Haushalten, Wohnvierteln, M\u00e4rkten und sogar auf den Stra\u00dfen wird. Diese Gewalt kann mit erbitterten verbalen Auseinandersetzungen beginnen. Dann k\u00f6nnen sie in Aggressionen ausarten, bei denen Stichwaffen, St\u00f6cke oder Steine verwendet werden. Menschen, die den langen Nachtwachen des Ramadan ausgesetzt sind, die nicht schlafen k\u00f6nnen, die nicht rauchen und keinen Kaffee trinken d\u00fcrfen, k\u00f6nnen extrem reizbar werden. Au\u00dferdem steigen die Kosten f\u00fcr den Haushalt in diesem Monat stark an.    <\/p>&#13;\n&#13;\n<p>Auf einer marokkanischen Website hei\u00dft es: &#8222;Ich tr\u00e4ume von einem Monat der Barmherzigkeit und der Vergebung, aber ich erwarte einen Monat der Gewalt, der Schl\u00e4gereien und der Verbrechen&#8220;<a href=\"#_edn16\" name=\"_ednref16\">[16]<\/a>. Der Autor erkl\u00e4rt, dass Ramadan in der Vorstellung der Muslime ein Monat der Solidarit\u00e4t, der Liebe, des Friedens und des Zusammenlebens ist. Leider ist die Realit\u00e4t weit von diesem Ideal entfernt. Jedes Jahr gibt es die gleichen Verhaltensweisen: Wutausbr\u00fcche, Aggressionen, Schl\u00e4gereien auf M\u00e4rkten und an Busbahnh\u00f6fen, Mord, Vergewaltigung, Br\u00e4nde, Betrug und Betr\u00fcgereien.   <\/p>&#13;\n&#13;\n<p>In einem tunesischen Artikel<a href=\"#_edn17\" name=\"_ednref17\">[17]<\/a> berichtet ein Arzt der Notaufnahme der Hauptstadt, dass w\u00e4hrend des Monats Ramadan die Zahl der Notf\u00e4lle um 50% steigt. Viele Menschen haben ihre Nerven nicht mehr unter Kontrolle. Ihre zwischenmenschlichen Beziehungen leiden darunter. Andere haben Verkehrsunf\u00e4lle nach Ramadanfeiern fernab von zu Hause.   <\/p>&#13;\n&#13;\n<h2 id=\"block-2b1b51af-57d1-44fe-9651-b94764530b7e\" class=\"wp-block-heading has-text-color has-medium-font-size\" style=\"color: #b51818;\"><strong>Ein strategischer Monat f\u00fcr Terroristen<\/strong><\/h2>&#13;\n<p><style>#block-2b1b51af-57d1-44fe-9651-b94764530b7e h2, #block-2b1b51af-57d1-44fe-9651-b94764530b7e h3, #block-2b1b51af-57d1-44fe-9651-b94764530b7e h4, #block-2b1b51af-57d1-44fe-9651-b94764530b7e h5 , #block-2b1b51af-57d1-44fe-9651-b94764530b7e { color: undefined; }<\/style><\/p>&#13;\n&#13;\n<p>Einem Artikel zufolge nehmen die Terroranschl\u00e4ge w\u00e4hrend des Monats Ramadan zu, als Erinnerung an die Schlachten, die Mohammed in diesem Monat geschlagen hat. Im Koran wird Mohammed jedoch als das h\u00f6chste Vorbild bezeichnet, dem jeder Muslim folgen sollte (Koran 33:21)<a href=\"#_edn18\" name=\"_ednref18\">[18]<\/a>. In diesem Artikel wird berichtet, dass Kalif Al-Baghdadi 2014 ein Video mit dem Titel &#8222;Botschaft an die <em>Mudschaheddin<\/em> und die muslimische Nation im Monat Ramadan&#8220; aufgenommen hat. Darin fordert er die Muslime auf, Terroranschl\u00e4ge zu begehen, um bei Gott ein hohes Ansehen zu erlangen.   <\/p>&#13;\n&#13;\n<p>Man kann ihn sagen h\u00f6ren: &#8222;Es gibt keine Handlung in diesem Monat oder in anderen Monaten, die edler ist als der Dschihad auf dem Weg Gottes. Erheben Sie sich also, o <em>Mudschaheddin<\/em> auf dem Weg Gottes. Schrecken Sie die Feinde Gottes. Suchen Sie den Tod, denn das Leben hier auf Erden ist verg\u00e4nglich, w\u00e4hrend das Leben im Jenseits ewig ist&#8230;.. Selig ist der, der diese Welt im Monat Ramadan verl\u00e4sst und seinen Herrn an einem der Tage der Vergebung trifft.      <\/p>&#13;\n&#13;\n<p>Der Sprecher von Daesh wiederholte 2016 denselben Aufruf. Er forderte die Muslime auf, w\u00e4hrend des Monats Ramadan Terrorakte gegen westliche L\u00e4nder, die USA und Europa zu ver\u00fcben. Er sagte: &#8222;Jetzt ist der Monat Ramadan gekommen, der Monat der Raubz\u00fcge und des Dschihad, der Monat der Eroberungen. Bereitet euch darauf vor, ihn zu einem Monat des Unheils an jedem Ort gegen die Ungl\u00e4ubigen zu machen&#8220;. Er ruft die Muslime dazu auf, milit\u00e4rische und zivile Ziele anzugreifen<a href=\"#_edn19\" name=\"_ednref19\">[19]<\/a>.   <\/p>&#13;\n&#13;\n<p>Ein anderer Artikel erkl\u00e4rt, dass Terroristen den Monat Ramadan f\u00fcr Anschl\u00e4ge bevorzugen, weil sie glauben, dass die T\u00e4ter mehr religi\u00f6se Verdienste haben, da Mohammed selbst in diesem Monat K\u00e4mpfe<a name=\"_ftnref20\"><\/a> unternommen hat<a href=\"#_edn20\" name=\"_ednref20\">[20]<\/a>.<\/p>&#13;\n&#13;\n<h2 id=\"block-4eb0f5f4-2d47-49a4-b2e9-1567635a67ce\" class=\"wp-block-heading has-000-color has-text-color has-medium-font-size\" style=\"color: #b51818;\"><strong>Zusammenfassend stellen wir fest, dass<\/strong><\/h2>&#13;\n<p><style>#block-4eb0f5f4-2d47-49a4-b2e9-1567635a67ce h2, #block-4eb0f5f4-2d47-49a4-b2e9-1567635a67ce h3, #block-4eb0f5f4-2d47-49a4-b2e9-1567635a67ce h4, #block-4eb0f5f4-2d47-49a4-b2e9-1567635a67ce h5 , #block-4eb0f5f4-2d47-49a4-b2e9-1567635a67ce { color: #000; }<\/style><\/p>&#13;\n\r\n<ul class=\"wp-block-list\">&#13;\n<li>W\u00e4hrend des Monats Ramadan nimmt die Gewalt unter Muslimen zu. Durch den Verzicht auf das, was f\u00fcr die normale k\u00f6rperliche Gesundheit wichtig ist, leidet ihre psychische Verfassung; <\/li>&#13;\n\r\n\r\n&#13;\n<li>Terroristische Bewegungen messen dem Monat Ramadan eine besondere Bedeutung bei. Sie rufen die Muslime dazu auf, Anschl\u00e4ge auf Ungl\u00e4ubige zu ver\u00fcben, so wie es Mohammed, ihr Vorbild, in diesem Monat getan hat. <\/li>&#13;\n<\/ul>\r\n&#13;\n<p>In Anbetracht der obigen Ausf\u00fchrungen kann der Vorschlag der d\u00e4nischen Ministerin f\u00fcr Immigration und Integration nur unterst\u00fctzt werden. Muslime sollten dazu aufgerufen werden, w\u00e4hrend des Ramadan Urlaub zu nehmen. Auf diese Weise k\u00f6nnen sie ihre eigene Sicherheit und die der anderen am Arbeitsplatz gew\u00e4hrleisten.  <\/p>&#13;\n&#13;\n<h2 id=\"block-e7f4b81d-d3a9-48e3-a318-9109d9b0c58a\" class=\"wp-block-heading has-b-51818-color has-text-color has-medium-font-size\"><strong>Appell an die Verantwortung der Fastenden<\/strong><\/h2>&#13;\n<p><style>#block-e7f4b81d-d3a9-48e3-a318-9109d9b0c58a h2, #block-e7f4b81d-d3a9-48e3-a318-9109d9b0c58a h3, #block-e7f4b81d-d3a9-48e3-a318-9109d9b0c58a h4, #block-e7f4b81d-d3a9-48e3-a318-9109d9b0c58a h5 , #block-e7f4b81d-d3a9-48e3-a318-9109d9b0c58a { color: #b51818; }<\/style><\/p>&#13;\n&#13;\n<p>Pers\u00f6nlich m\u00f6chte ich hinzuf\u00fcgen, dass Muslime die Verantwortung f\u00fcr die m\u00f6glichen ungl\u00fccklichen Folgen des Fastens im Ramadan \u00fcbernehmen sollten. Es w\u00e4re unfair, wenn die Nicht-Fastenden diese an ihrer Stelle tragen m\u00fcssten. Die Versicherungen sollten von denjenigen, die w\u00e4hrend des Ramadan fasten, einen <strong>Aufschlag<\/strong> verlangen, da sie ein gewisses Risiko f\u00fcr sich selbst und die Gesellschaft darstellen.  <\/p>&#13;\n&#13;\n<p>Alle Versicherungen ber\u00fccksichtigen das Verhalten und die Vorgeschichte ihrer Kunden bei der Festlegung der Pr\u00e4mien und Leistungen. Ein Blick auf die Versicherungsformulare zeigt, dass dies der Fall ist. Beispielsweise betrachten Kreditversicherer das Rauchen als ein erh\u00f6htes Risiko und berechnen Rauchern einen <strong>Aufschlag (20% oder mehr) f\u00fcr erh\u00f6hte Risiken (<\/strong> siehe <strong>http:\/\/assurance-emprunteurs.net\/fumeur)<\/strong>.  <\/p>&#13;\n&#13;\n<p><strong>Sami Aldeeb Abu-Sahlieh<\/strong><\/p>&#13;\n&#13;\n<p><strong>Zentrum f\u00fcr arabisches und muslimisches Recht, Direktor <a href=\"http:\/\/www.sami-aldeeb.com\/\">www.sami-aldeeb.com<\/a><\/strong><\/p>&#13;\n&#13;\n<p><strong>Dr. jur., Universit\u00e4tsprofessor<\/strong><\/p>&#13;\n&#13;\n<p><strong>Anmerkungen<\/strong><\/p>&#13;\n&#13;\n<p>[<a href=\"#_ednref1\" name=\"_edn1\">1]<\/a> Es ist euch erlaubt, in der Nacht des Fastens mit euren Frauen Geschlechtsverkehr zu haben. Sie sind ein Kleidungsst\u00fcck f\u00fcr Sie und Sie sind ein Kleidungsst\u00fcck f\u00fcr sie. Gott wusste, dass Sie sich selbst verrieten. Dann kehrte er zu Ihnen zur\u00fcck und begnadigte Sie. Nun gehen Sie auf sie zu und suchen Sie, was Gott f\u00fcr Sie vorgeschrieben hat. Essen und trinken Sie, bis sich f\u00fcr Sie der wei\u00dfe Faden des schwarzen Fadens der Morgend\u00e4mmerung zeigt. Dann fasten Sie bis zur Nacht. Aber gehen Sie nicht an sie heran, w\u00e4hrend Sie in den Heiligt\u00fcmern verehrt werden. Dies sind die Grenzen Gottes, die Sie nicht betreten d\u00fcrfen. So zeigt Gott den Menschen seine Zeichen. ~ Vielleicht w\u00fcrden sie sich f\u00fcrchten.          <\/p>&#13;\n&#13;\n<p>[<a href=\"#_ednref2\" name=\"_edn2\">2]<\/a> \u00dcberliefert von Abu-Da&#8217;ud <a href=\"http:\/\/goo.gl\/a9yA80\">http:\/\/goo.gl\/a9yA80<\/a><\/p>&#13;\n&#13;\n<p><a href=\"#_ednref3\" name=\"_edn3\">[3]<\/a> <a href=\"https:\/\/islamqa.info\/fr\/127233\">https:\/\/islamqa.info\/fr\/127233<\/a><\/p>&#13;\n&#13;\n<p><a href=\"#_ednref4\" name=\"_edn4\">[4]<\/a> <a href=\"https:\/\/goo.gl\/i9vuQZ\">https:\/\/goo.gl\/i9vuQZ;<\/a> <a href=\"https:\/\/goo.gl\/duztdH\">https:\/\/goo.gl\/duztdH;<\/a> <a href=\"https:\/\/goo.gl\/oDvX8U\">https:\/\/goo.gl\/oDvX8U<\/a><\/p>&#13;\n&#13;\n<p><a href=\"#_ednref5\" name=\"_edn5\">[5]<\/a> <a href=\"https:\/\/goo.gl\/sK9SJU\">https:\/\/goo.gl\/sK9SJU<\/a><\/p>&#13;\n&#13;\n<p><a href=\"#_ednref6\" name=\"_edn6\">[6]<\/a> <a href=\"https:\/\/goo.gl\/WFQWPt\">https:\/\/goo.gl\/WFQWPt<\/a><\/p>&#13;\n&#13;\n<p><a href=\"#_ednref7\" name=\"_edn7\">[7]<\/a> <a href=\"https:\/\/goo.gl\/vYEy6a\">https:\/\/goo.gl\/vYEy6a<\/a><\/p>&#13;\n&#13;\n<p><a href=\"#_ednref8\" name=\"_edn8\">[8]<\/a> <a href=\"https:\/\/goo.gl\/ixtG8r\">https:\/\/goo.gl\/ixtG8r<\/a><\/p>&#13;\n&#13;\n<p><a href=\"#_ednref9\" name=\"_edn9\">[9]<\/a> <a href=\"https:\/\/goo.gl\/3xcG3u\">https:\/\/goo.gl\/3xcG3u<\/a><\/p>&#13;\n&#13;\n<p><a href=\"#_ednref10\" name=\"_edn10\">[10]<\/a> <a href=\"https:\/\/goo.gl\/1pBJHy\">https:\/\/goo.gl\/1pBJHy<\/a><\/p>&#13;\n&#13;\n<p>[<a href=\"#_ednref11\" name=\"_edn11\">11]<\/a> Siehe die arabische Google-Suche \u00fcber die hohen Lebensmittelpreise im Monat Ramadan: <a href=\"https:\/\/goo.gl\/fxeNkU\">https:\/\/goo.gl\/fxeNkU<\/a><\/p>&#13;\n&#13;\n<p>[<a href=\"#_ednref12\" name=\"_edn12\">12]<\/a> Siehe die arabische Google-Suche \u00fcber den Anstieg des Verbrauchs im Monat Ramadan <a href=\"https:\/\/goo.gl\/jW2WYY\">https:\/\/goo.gl\/jW2WYY<\/a><\/p>&#13;\n&#13;\n<p>[<a href=\"#_ednref13\" name=\"_edn13\">13]<\/a> Siehe z.B. diese Websites: https: <a href=\"https:\/\/goo.gl\/DLM6p1\">\/\/goo.gl\/DLM6p1;<\/a> <a href=\"https:\/\/goo.gl\/T4sgOK\">https:\/\/goo.gl\/T4sgOK;<\/a> <a href=\"https:\/\/goo.gl\/yheBgY\">https:\/\/goo.gl\/yheBgY<\/a><\/p>&#13;\n&#13;\n<p><a href=\"#_ednref14\" name=\"_edn14\">[14]<\/a> <a href=\"https:\/\/goo.gl\/9pz8x4\">https:\/\/goo.gl\/9pz8x4<\/a><\/p>&#13;\n&#13;\n<p><a href=\"#_ednref15\" name=\"_edn15\">[15]<\/a> <a href=\"https:\/\/goo.gl\/1YkguW\">https:\/\/goo.gl\/1YkguW<\/a><\/p>&#13;\n&#13;\n<p><a href=\"#_ednref16\" name=\"_edn16\">[16]<\/a> <a href=\"https:\/\/goo.gl\/NgkLBm\">https:\/\/goo.gl\/NgkLBm<\/a><\/p>&#13;\n&#13;\n<p><a href=\"#_ednref17\" name=\"_edn17\">[17]<\/a> <a href=\"https:\/\/goo.gl\/eDBkLe\">https:\/\/goo.gl\/eDBkLe<\/a><\/p>&#13;\n&#13;\n<p>[<a href=\"#_ednref18\" name=\"_edn18\">18]<\/a> Ihr hattet in dem Gesandten Gottes ein gutes Vorbild f\u00fcr jeden, der auf Gott und den J\u00fcngsten Tag hoffte und Gott viel gedachte.<\/p>&#13;\n&#13;\n<p><a href=\"#_ednref19\" name=\"_edn19\">[19]<\/a> <a href=\"https:\/\/goo.gl\/R8qjNn\">https:\/\/goo.gl\/R8qjNn<\/a><\/p>&#13;\n&#13;\n<p><a href=\"#_ednref20\" name=\"_edn20\">[20]<\/a> <a href=\"https:\/\/goo.gl\/yWSEo7\">https:\/\/goo.gl\/yWSEo7;<\/a> siehe auch <a href=\"https:\/\/goo.gl\/4uhHwr\">https:\/\/goo.gl\/b7tZZs;<\/a> <a href=\"https:\/\/goo.gl\/2KPCdo\">https:\/\/goo.gl\/4uhHwr;<\/a> <a href=\"https:\/\/goo.gl\/zugd4s\">https:\/\/goo.gl\/2KPCdo;<\/a> <a href=\"https:\/\/goo.gl\/Hbs4fP\">https:\/\/goo.gl\/zugd4s;<\/a> <a href=\"https:\/\/goo.gl\/oj8daC\">https:\/\/goo.gl\/Hbs4fP; https:\/\/goo.gl\/oj8daC<\/a> ; <a href=\"https:\/\/goo.gl\/TK1KqK\">https:\/\/goo.gl\/TK1KqK<\/a><\/p>&#13;\n\r\n<div>\u00a0<\/div>\r\n\r\n<div>\u00a0<\/div>\r\n\r\n<div>\u00a0<\/div>\r\n\r\n<div>\u00a0<\/div>\r\n\r\n<div>\u00a0<\/div>\r\n","protected":false},"excerpt":{"rendered":"<p>Der Autor dieses Artikels, Sami Aldeeb, st\u00fctzt sich auf verschiedene, vor allem arabische Quellen und beleuchtet einige unbekannte Aspekte des Fastens im Ramadan.<\/p>\n","protected":false},"author":2,"featured_media":39894,"comment_status":"open","ping_status":"open","sticky":false,"template":"","format":"standard","meta":{"_acf_changed":false,"footnotes":""},"categories":[681,682,652],"tags":[],"coauthors":[59],"class_list":["post-39893","post","type-post","status-publish","format-standard","has-post-thumbnail","hentry","category-gottesdienst","category-ramadan-fasten","category-veroffentlichungen"],"acf":[],"yoast_head":"<!-- This site is optimized with the Yoast SEO plugin v26.8 - https:\/\/yoast.com\/product\/yoast-seo-wordpress\/ -->\n<title>Einige unbekannte Aspekte des Fastens im Ramadan - IQRI.org<\/title>\n<meta name=\"description\" content=\"Der Zwangscharakter des Ramadan hat psychische und physische Folgen, die die Fastenden Gewalt und Unf\u00e4llen aussetzen.\" \/>\n<meta name=\"robots\" content=\"index, follow, max-snippet:-1, max-image-preview:large, max-video-preview:-1\" \/>\n<link rel=\"canonical\" href=\"https:\/\/iqri.org\/de\/einige-unbekannte-aspekte-des-fastens-im-ramadan\/\" \/>\n<meta property=\"og:locale\" content=\"de_DE\" \/>\n<meta property=\"og:type\" content=\"article\" \/>\n<meta property=\"og:title\" content=\"Einige unbekannte Aspekte des Fastens im Ramadan - IQRI.org\" \/>\n<meta property=\"og:description\" content=\"Der Zwangscharakter des Ramadan hat psychische und physische Folgen, die die Fastenden Gewalt und Unf\u00e4llen aussetzen.\" \/>\n<meta property=\"og:url\" content=\"https:\/\/iqri.org\/de\/einige-unbekannte-aspekte-des-fastens-im-ramadan\/\" \/>\n<meta property=\"og:site_name\" content=\"IQRI.org\" \/>\n<meta property=\"article:published_time\" content=\"2025-02-27T13:00:38+00:00\" \/>\n<meta property=\"article:modified_time\" content=\"2026-02-05T07:36:54+00:00\" \/>\n<meta property=\"og:image\" content=\"https:\/\/iqri.org\/wp-content\/uploads\/2025\/02\/033F0999-3822-4B18-B76E-7B1EE4B5DEF9_1_105_c.jpeg\" \/>\n\t<meta property=\"og:image:width\" content=\"1024\" \/>\n\t<meta property=\"og:image:height\" content=\"768\" \/>\n\t<meta property=\"og:image:type\" content=\"image\/jpeg\" \/>\n<meta name=\"author\" content=\"Sami Aldeeb\" \/>\n<meta name=\"twitter:card\" content=\"summary_large_image\" \/>\n<meta name=\"twitter:label1\" content=\"Verfasst von\" \/>\n\t<meta name=\"twitter:data1\" content=\"Christian Bibollet\" \/>\n\t<meta name=\"twitter:label2\" content=\"Gesch\u00e4tzte Lesezeit\" \/>\n\t<meta name=\"twitter:data2\" content=\"9\u00a0Minuten\" \/>\n\t<meta name=\"twitter:label3\" content=\"Written by\" \/>\n\t<meta name=\"twitter:data3\" content=\"Sami Aldeeb\" \/>\n<script type=\"application\/ld+json\" class=\"yoast-schema-graph\">{\"@context\":\"https:\/\/schema.org\",\"@graph\":[{\"@type\":\"Article\",\"@id\":\"https:\/\/iqri.org\/de\/einige-unbekannte-aspekte-des-fastens-im-ramadan\/#article\",\"isPartOf\":{\"@id\":\"https:\/\/iqri.org\/de\/einige-unbekannte-aspekte-des-fastens-im-ramadan\/\"},\"author\":{\"name\":\"Christian Bibollet\",\"@id\":\"https:\/\/iqri.org\/de\/#\/schema\/person\/2d350a3546efa556f1cc6841a09651f7\"},\"headline\":\"Einige unbekannte Aspekte des Fastens im Ramadan\",\"datePublished\":\"2025-02-27T13:00:38+00:00\",\"dateModified\":\"2026-02-05T07:36:54+00:00\",\"mainEntityOfPage\":{\"@id\":\"https:\/\/iqri.org\/de\/einige-unbekannte-aspekte-des-fastens-im-ramadan\/\"},\"wordCount\":1760,\"commentCount\":0,\"image\":{\"@id\":\"https:\/\/iqri.org\/de\/einige-unbekannte-aspekte-des-fastens-im-ramadan\/#primaryimage\"},\"thumbnailUrl\":\"https:\/\/iqri.org\/wp-content\/uploads\/2025\/02\/033F0999-3822-4B18-B76E-7B1EE4B5DEF9_1_105_c.jpeg\",\"articleSection\":[\"Gottesdienst\",\"Ramadan (Fasten)\",\"Ver\u00f6ffentlichungen\"],\"inLanguage\":\"de\",\"potentialAction\":[{\"@type\":\"CommentAction\",\"name\":\"Comment\",\"target\":[\"https:\/\/iqri.org\/de\/einige-unbekannte-aspekte-des-fastens-im-ramadan\/#respond\"]}]},{\"@type\":\"WebPage\",\"@id\":\"https:\/\/iqri.org\/de\/einige-unbekannte-aspekte-des-fastens-im-ramadan\/\",\"url\":\"https:\/\/iqri.org\/de\/einige-unbekannte-aspekte-des-fastens-im-ramadan\/\",\"name\":\"Einige unbekannte Aspekte des Fastens im Ramadan - IQRI.org\",\"isPartOf\":{\"@id\":\"https:\/\/iqri.org\/de\/#website\"},\"primaryImageOfPage\":{\"@id\":\"https:\/\/iqri.org\/de\/einige-unbekannte-aspekte-des-fastens-im-ramadan\/#primaryimage\"},\"image\":{\"@id\":\"https:\/\/iqri.org\/de\/einige-unbekannte-aspekte-des-fastens-im-ramadan\/#primaryimage\"},\"thumbnailUrl\":\"https:\/\/iqri.org\/wp-content\/uploads\/2025\/02\/033F0999-3822-4B18-B76E-7B1EE4B5DEF9_1_105_c.jpeg\",\"datePublished\":\"2025-02-27T13:00:38+00:00\",\"dateModified\":\"2026-02-05T07:36:54+00:00\",\"author\":{\"@id\":\"https:\/\/iqri.org\/de\/#\/schema\/person\/2d350a3546efa556f1cc6841a09651f7\"},\"description\":\"Der Zwangscharakter des Ramadan hat psychische und physische Folgen, die die Fastenden Gewalt und Unf\u00e4llen aussetzen.\",\"breadcrumb\":{\"@id\":\"https:\/\/iqri.org\/de\/einige-unbekannte-aspekte-des-fastens-im-ramadan\/#breadcrumb\"},\"inLanguage\":\"de\",\"potentialAction\":[{\"@type\":\"ReadAction\",\"target\":[\"https:\/\/iqri.org\/de\/einige-unbekannte-aspekte-des-fastens-im-ramadan\/\"]}]},{\"@type\":\"ImageObject\",\"inLanguage\":\"de\",\"@id\":\"https:\/\/iqri.org\/de\/einige-unbekannte-aspekte-des-fastens-im-ramadan\/#primaryimage\",\"url\":\"https:\/\/iqri.org\/wp-content\/uploads\/2025\/02\/033F0999-3822-4B18-B76E-7B1EE4B5DEF9_1_105_c.jpeg\",\"contentUrl\":\"https:\/\/iqri.org\/wp-content\/uploads\/2025\/02\/033F0999-3822-4B18-B76E-7B1EE4B5DEF9_1_105_c.jpeg\",\"width\":1024,\"height\":768,\"caption\":\"Zwei M\u00e4nner in einer Moschee\"},{\"@type\":\"BreadcrumbList\",\"@id\":\"https:\/\/iqri.org\/de\/einige-unbekannte-aspekte-des-fastens-im-ramadan\/#breadcrumb\",\"itemListElement\":[{\"@type\":\"ListItem\",\"position\":1,\"name\":\"Accueil\",\"item\":\"https:\/\/iqri.org\/de\/startseite\/\"},{\"@type\":\"ListItem\",\"position\":2,\"name\":\"Einige unbekannte Aspekte des Fastens im Ramadan\"}]},{\"@type\":\"WebSite\",\"@id\":\"https:\/\/iqri.org\/de\/#website\",\"url\":\"https:\/\/iqri.org\/de\/\",\"name\":\"IQRI.org\",\"description\":\"Institut pour les Questions Relatives \u00e0 l\u2019Islam\",\"potentialAction\":[{\"@type\":\"SearchAction\",\"target\":{\"@type\":\"EntryPoint\",\"urlTemplate\":\"https:\/\/iqri.org\/de\/?s={search_term_string}\"},\"query-input\":{\"@type\":\"PropertyValueSpecification\",\"valueRequired\":true,\"valueName\":\"search_term_string\"}}],\"inLanguage\":\"de\"},{\"@type\":\"Person\",\"@id\":\"https:\/\/iqri.org\/de\/#\/schema\/person\/2d350a3546efa556f1cc6841a09651f7\",\"name\":\"Christian Bibollet\",\"image\":{\"@type\":\"ImageObject\",\"inLanguage\":\"de\",\"@id\":\"https:\/\/iqri.org\/de\/#\/schema\/person\/image\/e372f5f63816081539161c52a857f990\",\"url\":\"https:\/\/secure.gravatar.com\/avatar\/80af0e564a1d8f7306488340308561c41574e6867a69e153a4cb789f1147575f?s=96&d=mm&r=g\",\"contentUrl\":\"https:\/\/secure.gravatar.com\/avatar\/80af0e564a1d8f7306488340308561c41574e6867a69e153a4cb789f1147575f?s=96&d=mm&r=g\",\"caption\":\"Christian Bibollet\"},\"url\":\"https:\/\/iqri.org\/de\/author\/cbibolletbluewin-ch\/\"}]}<\/script>\n<!-- \/ Yoast SEO plugin. -->","yoast_head_json":{"title":"Einige unbekannte Aspekte des Fastens im Ramadan - IQRI.org","description":"Der Zwangscharakter des Ramadan hat psychische und physische Folgen, die die Fastenden Gewalt und Unf\u00e4llen aussetzen.","robots":{"index":"index","follow":"follow","max-snippet":"max-snippet:-1","max-image-preview":"max-image-preview:large","max-video-preview":"max-video-preview:-1"},"canonical":"https:\/\/iqri.org\/de\/einige-unbekannte-aspekte-des-fastens-im-ramadan\/","og_locale":"de_DE","og_type":"article","og_title":"Einige unbekannte Aspekte des Fastens im Ramadan - IQRI.org","og_description":"Der Zwangscharakter des Ramadan hat psychische und physische Folgen, die die Fastenden Gewalt und Unf\u00e4llen aussetzen.","og_url":"https:\/\/iqri.org\/de\/einige-unbekannte-aspekte-des-fastens-im-ramadan\/","og_site_name":"IQRI.org","article_published_time":"2025-02-27T13:00:38+00:00","article_modified_time":"2026-02-05T07:36:54+00:00","og_image":[{"width":1024,"height":768,"url":"https:\/\/iqri.org\/wp-content\/uploads\/2025\/02\/033F0999-3822-4B18-B76E-7B1EE4B5DEF9_1_105_c.jpeg","type":"image\/jpeg"}],"author":"Sami Aldeeb","twitter_card":"summary_large_image","twitter_misc":{"Verfasst von":"Christian Bibollet","Gesch\u00e4tzte Lesezeit":"9\u00a0Minuten","Written by":"Sami Aldeeb"},"schema":{"@context":"https:\/\/schema.org","@graph":[{"@type":"Article","@id":"https:\/\/iqri.org\/de\/einige-unbekannte-aspekte-des-fastens-im-ramadan\/#article","isPartOf":{"@id":"https:\/\/iqri.org\/de\/einige-unbekannte-aspekte-des-fastens-im-ramadan\/"},"author":{"name":"Christian Bibollet","@id":"https:\/\/iqri.org\/de\/#\/schema\/person\/2d350a3546efa556f1cc6841a09651f7"},"headline":"Einige unbekannte Aspekte des Fastens im Ramadan","datePublished":"2025-02-27T13:00:38+00:00","dateModified":"2026-02-05T07:36:54+00:00","mainEntityOfPage":{"@id":"https:\/\/iqri.org\/de\/einige-unbekannte-aspekte-des-fastens-im-ramadan\/"},"wordCount":1760,"commentCount":0,"image":{"@id":"https:\/\/iqri.org\/de\/einige-unbekannte-aspekte-des-fastens-im-ramadan\/#primaryimage"},"thumbnailUrl":"https:\/\/iqri.org\/wp-content\/uploads\/2025\/02\/033F0999-3822-4B18-B76E-7B1EE4B5DEF9_1_105_c.jpeg","articleSection":["Gottesdienst","Ramadan (Fasten)","Ver\u00f6ffentlichungen"],"inLanguage":"de","potentialAction":[{"@type":"CommentAction","name":"Comment","target":["https:\/\/iqri.org\/de\/einige-unbekannte-aspekte-des-fastens-im-ramadan\/#respond"]}]},{"@type":"WebPage","@id":"https:\/\/iqri.org\/de\/einige-unbekannte-aspekte-des-fastens-im-ramadan\/","url":"https:\/\/iqri.org\/de\/einige-unbekannte-aspekte-des-fastens-im-ramadan\/","name":"Einige unbekannte Aspekte des Fastens im Ramadan - IQRI.org","isPartOf":{"@id":"https:\/\/iqri.org\/de\/#website"},"primaryImageOfPage":{"@id":"https:\/\/iqri.org\/de\/einige-unbekannte-aspekte-des-fastens-im-ramadan\/#primaryimage"},"image":{"@id":"https:\/\/iqri.org\/de\/einige-unbekannte-aspekte-des-fastens-im-ramadan\/#primaryimage"},"thumbnailUrl":"https:\/\/iqri.org\/wp-content\/uploads\/2025\/02\/033F0999-3822-4B18-B76E-7B1EE4B5DEF9_1_105_c.jpeg","datePublished":"2025-02-27T13:00:38+00:00","dateModified":"2026-02-05T07:36:54+00:00","author":{"@id":"https:\/\/iqri.org\/de\/#\/schema\/person\/2d350a3546efa556f1cc6841a09651f7"},"description":"Der Zwangscharakter des Ramadan hat psychische und physische Folgen, die die Fastenden Gewalt und Unf\u00e4llen aussetzen.","breadcrumb":{"@id":"https:\/\/iqri.org\/de\/einige-unbekannte-aspekte-des-fastens-im-ramadan\/#breadcrumb"},"inLanguage":"de","potentialAction":[{"@type":"ReadAction","target":["https:\/\/iqri.org\/de\/einige-unbekannte-aspekte-des-fastens-im-ramadan\/"]}]},{"@type":"ImageObject","inLanguage":"de","@id":"https:\/\/iqri.org\/de\/einige-unbekannte-aspekte-des-fastens-im-ramadan\/#primaryimage","url":"https:\/\/iqri.org\/wp-content\/uploads\/2025\/02\/033F0999-3822-4B18-B76E-7B1EE4B5DEF9_1_105_c.jpeg","contentUrl":"https:\/\/iqri.org\/wp-content\/uploads\/2025\/02\/033F0999-3822-4B18-B76E-7B1EE4B5DEF9_1_105_c.jpeg","width":1024,"height":768,"caption":"Zwei M\u00e4nner in einer Moschee"},{"@type":"BreadcrumbList","@id":"https:\/\/iqri.org\/de\/einige-unbekannte-aspekte-des-fastens-im-ramadan\/#breadcrumb","itemListElement":[{"@type":"ListItem","position":1,"name":"Accueil","item":"https:\/\/iqri.org\/de\/startseite\/"},{"@type":"ListItem","position":2,"name":"Einige unbekannte Aspekte des Fastens im Ramadan"}]},{"@type":"WebSite","@id":"https:\/\/iqri.org\/de\/#website","url":"https:\/\/iqri.org\/de\/","name":"IQRI.org","description":"Institut pour les Questions Relatives \u00e0 l\u2019Islam","potentialAction":[{"@type":"SearchAction","target":{"@type":"EntryPoint","urlTemplate":"https:\/\/iqri.org\/de\/?s={search_term_string}"},"query-input":{"@type":"PropertyValueSpecification","valueRequired":true,"valueName":"search_term_string"}}],"inLanguage":"de"},{"@type":"Person","@id":"https:\/\/iqri.org\/de\/#\/schema\/person\/2d350a3546efa556f1cc6841a09651f7","name":"Christian Bibollet","image":{"@type":"ImageObject","inLanguage":"de","@id":"https:\/\/iqri.org\/de\/#\/schema\/person\/image\/e372f5f63816081539161c52a857f990","url":"https:\/\/secure.gravatar.com\/avatar\/80af0e564a1d8f7306488340308561c41574e6867a69e153a4cb789f1147575f?s=96&d=mm&r=g","contentUrl":"https:\/\/secure.gravatar.com\/avatar\/80af0e564a1d8f7306488340308561c41574e6867a69e153a4cb789f1147575f?s=96&d=mm&r=g","caption":"Christian Bibollet"},"url":"https:\/\/iqri.org\/de\/author\/cbibolletbluewin-ch\/"}]}},"_links":{"self":[{"href":"https:\/\/iqri.org\/de\/wp-json\/wp\/v2\/posts\/39893","targetHints":{"allow":["GET"]}}],"collection":[{"href":"https:\/\/iqri.org\/de\/wp-json\/wp\/v2\/posts"}],"about":[{"href":"https:\/\/iqri.org\/de\/wp-json\/wp\/v2\/types\/post"}],"author":[{"embeddable":true,"href":"https:\/\/iqri.org\/de\/wp-json\/wp\/v2\/users\/2"}],"replies":[{"embeddable":true,"href":"https:\/\/iqri.org\/de\/wp-json\/wp\/v2\/comments?post=39893"}],"version-history":[{"count":1,"href":"https:\/\/iqri.org\/de\/wp-json\/wp\/v2\/posts\/39893\/revisions"}],"predecessor-version":[{"id":39895,"href":"https:\/\/iqri.org\/de\/wp-json\/wp\/v2\/posts\/39893\/revisions\/39895"}],"wp:featuredmedia":[{"embeddable":true,"href":"https:\/\/iqri.org\/de\/wp-json\/wp\/v2\/media\/39894"}],"wp:attachment":[{"href":"https:\/\/iqri.org\/de\/wp-json\/wp\/v2\/media?parent=39893"}],"wp:term":[{"taxonomy":"category","embeddable":true,"href":"https:\/\/iqri.org\/de\/wp-json\/wp\/v2\/categories?post=39893"},{"taxonomy":"post_tag","embeddable":true,"href":"https:\/\/iqri.org\/de\/wp-json\/wp\/v2\/tags?post=39893"},{"taxonomy":"author","embeddable":true,"href":"https:\/\/iqri.org\/de\/wp-json\/wp\/v2\/coauthors?post=39893"}],"curies":[{"name":"wp","href":"https:\/\/api.w.org\/{rel}","templated":true}]}}