{"id":39837,"date":"2025-02-01T16:38:51","date_gmt":"2025-02-01T15:38:51","guid":{"rendered":"https:\/\/iqri.org\/?p=39837"},"modified":"2026-02-05T13:44:26","modified_gmt":"2026-02-05T12:44:26","slug":"den-israelisch-palaestinensischen-konflikt-verstehen-2","status":"publish","type":"post","link":"https:\/\/iqri.org\/de\/den-israelisch-palaestinensischen-konflikt-verstehen-2\/","title":{"rendered":"Den israelisch-pal\u00e4stinensischen Konflikt verstehen (2)"},"content":{"rendered":"<pre><\/pre>\n<p><iframe title=\"Isra\u00ebl-Hamas : \u00abOn oublie la dimension religieuse\u00bb - Florence Bergeaud-Blackler\" width=\"800\" height=\"450\" src=\"https:\/\/www.youtube.com\/embed\/TeMJSOHacOU?feature=oembed\" frameborder=\"0\" allow=\"accelerometer; autoplay; clipboard-write; encrypted-media; gyroscope; picture-in-picture; web-share\" referrerpolicy=\"strict-origin-when-cross-origin\" allowfullscreen><\/iframe><\/p>\n<p>&nbsp;<\/p>\n<p><strong>Siehe auch das Interview mit Ahmed Fouad Alkhatib<\/strong>, einem Gazaoui, der derzeit in den USA lebt und 31 Familienmitglieder bei der israelischen Antwort auf den Angriff vom 7. Oktober 2023 verloren hat. Ein objektiver und kritischer Blick auf die Hamas und Israel. <\/p>\n<blockquote class=\"wp-embedded-content\" data-secret=\"S8YhDYb4bv\"><p><a href=\"https:\/\/www.pbs.org\/wnet\/exploring-hate\/video\/voice-from-gaza\/\">Voice from Gaza<\/a><\/p><\/blockquote>\n<p><iframe class=\"wp-embedded-content\" sandbox=\"allow-scripts\" security=\"restricted\" style=\"position: absolute; visibility: hidden;\" title=\"&#8220;Voice from Gaza&#8221; &#8212; Exploring Hate\" src=\"https:\/\/www.pbs.org\/wnet\/exploring-hate\/video\/voice-from-gaza\/embed\/#?secret=dcDiwFOd7h#?secret=S8YhDYb4bv\" data-secret=\"S8YhDYb4bv\" width=\"600\" height=\"338\" frameborder=\"0\" marginwidth=\"0\" marginheight=\"0\" scrolling=\"no\"><\/iframe><\/p>\n<p><strong>Lesen Sie auch von Ahmed Fouad Alkhatib: <a href=\"https:\/\/iqri.org\/wp-content\/uploads\/2025\/01\/Les-apologetes-occidentaux-du-Hamas-sont-devenus-des-enthousiastes-du-Hamas.-En-tant-que-Gazaoui-je-suis-.pdf\">Die westlichen Apologeten der Hamas sind zu Hamas-Enthusiasten geworden. Als Gazaoui bin ich entsetzt. <\/a> <\/strong><\/p>\n<p>&nbsp;<\/p>\n","protected":false},"excerpt":{"rendered":"<p>Den israelisch-pal\u00e4stinensischen Konflikt verstehen. In den letzten Jahrzehnten haben sich viele dem Thema aus historischer und politischer Sicht gen\u00e4hert, aber selten aus der religi\u00f6sen Dimension. In diesem Artikel soll die bewegte Geschichte von Mohammeds Beziehung zu den Kindern Israels und deren Auswirkungen auf den aktuellen Konflikt beleuchtet werden.  <\/p>\n","protected":false},"author":1,"featured_media":39838,"comment_status":"closed","ping_status":"open","sticky":false,"template":"elementor_theme","format":"standard","meta":{"_acf_changed":false,"footnotes":""},"categories":[665,666],"tags":[],"coauthors":[639],"class_list":["post-39837","post","type-post","status-publish","format-standard","has-post-thumbnail","hentry","category-antisemitismus","category-konflikte-mit-den-juden"],"acf":[],"yoast_head":"<!-- This site is optimized with the Yoast SEO plugin v26.8 - https:\/\/yoast.com\/product\/yoast-seo-wordpress\/ -->\n<title>Den israelisch-pal\u00e4stinensischen Konflikt verstehen (2) - IQRI.org<\/title>\n<meta name=\"description\" content=\"Um den israelisch-pal\u00e4stinensischen Konflikt zu verstehen, muss er aus historischer und politischer Sicht betrachtet werden, ohne seine religi\u00f6se Dimension zu vernachl\u00e4ssigen.\" \/>\n<meta name=\"robots\" content=\"index, follow, max-snippet:-1, max-image-preview:large, max-video-preview:-1\" \/>\n<link rel=\"canonical\" href=\"https:\/\/iqri.org\/de\/den-israelisch-palaestinensischen-konflikt-verstehen-2\/\" \/>\n<meta property=\"og:locale\" content=\"de_DE\" \/>\n<meta property=\"og:type\" content=\"article\" \/>\n<meta property=\"og:title\" content=\"Den israelisch-pal\u00e4stinensischen Konflikt verstehen (2) - IQRI.org\" \/>\n<meta property=\"og:description\" content=\"Um den israelisch-pal\u00e4stinensischen Konflikt zu verstehen, muss er aus historischer und politischer Sicht betrachtet werden, ohne seine religi\u00f6se Dimension zu vernachl\u00e4ssigen.\" \/>\n<meta property=\"og:url\" content=\"https:\/\/iqri.org\/de\/den-israelisch-palaestinensischen-konflikt-verstehen-2\/\" \/>\n<meta property=\"og:site_name\" content=\"IQRI.org\" \/>\n<meta property=\"article:published_time\" content=\"2025-02-01T15:38:51+00:00\" \/>\n<meta property=\"article:modified_time\" content=\"2026-02-05T12:44:26+00:00\" \/>\n<meta property=\"og:image\" content=\"https:\/\/iqri.org\/wp-content\/uploads\/2025\/01\/49999656876_9bf79324ab_o-1.jpg\" \/>\n\t<meta property=\"og:image:width\" content=\"1408\" \/>\n\t<meta property=\"og:image:height\" content=\"524\" \/>\n\t<meta property=\"og:image:type\" content=\"image\/jpeg\" \/>\n<meta name=\"author\" content=\"IQRI\" \/>\n<meta name=\"twitter:card\" content=\"summary_large_image\" \/>\n<meta name=\"twitter:label1\" content=\"Verfasst von\" \/>\n\t<meta name=\"twitter:data1\" content=\"Thimoo\" \/>\n\t<meta name=\"twitter:label2\" content=\"Written by\" \/>\n\t<meta name=\"twitter:data2\" content=\"IQRI\" \/>\n<script type=\"application\/ld+json\" class=\"yoast-schema-graph\">{\"@context\":\"https:\/\/schema.org\",\"@graph\":[{\"@type\":\"Article\",\"@id\":\"https:\/\/iqri.org\/de\/den-israelisch-palaestinensischen-konflikt-verstehen-2\/#article\",\"isPartOf\":{\"@id\":\"https:\/\/iqri.org\/de\/den-israelisch-palaestinensischen-konflikt-verstehen-2\/\"},\"author\":{\"name\":\"Thimoo\",\"@id\":\"https:\/\/iqri.org\/de\/#\/schema\/person\/2d0fcc1beb4f7f96a73e30c4b4f3f29b\"},\"headline\":\"Den israelisch-pal\u00e4stinensischen Konflikt verstehen (2)\",\"datePublished\":\"2025-02-01T15:38:51+00:00\",\"dateModified\":\"2026-02-05T12:44:26+00:00\",\"mainEntityOfPage\":{\"@id\":\"https:\/\/iqri.org\/de\/den-israelisch-palaestinensischen-konflikt-verstehen-2\/\"},\"wordCount\":86,\"image\":{\"@id\":\"https:\/\/iqri.org\/de\/den-israelisch-palaestinensischen-konflikt-verstehen-2\/#primaryimage\"},\"thumbnailUrl\":\"https:\/\/iqri.org\/wp-content\/uploads\/2025\/01\/49999656876_9bf79324ab_o-1.jpg\",\"articleSection\":[\"Antisemitismus\",\"Konflikte mit den Juden\"],\"inLanguage\":\"de\"},{\"@type\":\"WebPage\",\"@id\":\"https:\/\/iqri.org\/de\/den-israelisch-palaestinensischen-konflikt-verstehen-2\/\",\"url\":\"https:\/\/iqri.org\/de\/den-israelisch-palaestinensischen-konflikt-verstehen-2\/\",\"name\":\"Den israelisch-pal\u00e4stinensischen Konflikt verstehen (2) - IQRI.org\",\"isPartOf\":{\"@id\":\"https:\/\/iqri.org\/de\/#website\"},\"primaryImageOfPage\":{\"@id\":\"https:\/\/iqri.org\/de\/den-israelisch-palaestinensischen-konflikt-verstehen-2\/#primaryimage\"},\"image\":{\"@id\":\"https:\/\/iqri.org\/de\/den-israelisch-palaestinensischen-konflikt-verstehen-2\/#primaryimage\"},\"thumbnailUrl\":\"https:\/\/iqri.org\/wp-content\/uploads\/2025\/01\/49999656876_9bf79324ab_o-1.jpg\",\"datePublished\":\"2025-02-01T15:38:51+00:00\",\"dateModified\":\"2026-02-05T12:44:26+00:00\",\"author\":{\"@id\":\"https:\/\/iqri.org\/de\/#\/schema\/person\/2d0fcc1beb4f7f96a73e30c4b4f3f29b\"},\"description\":\"Um den israelisch-pal\u00e4stinensischen Konflikt zu verstehen, muss er aus historischer und politischer Sicht betrachtet werden, ohne seine religi\u00f6se Dimension zu vernachl\u00e4ssigen.\",\"breadcrumb\":{\"@id\":\"https:\/\/iqri.org\/de\/den-israelisch-palaestinensischen-konflikt-verstehen-2\/#breadcrumb\"},\"inLanguage\":\"de\",\"potentialAction\":[{\"@type\":\"ReadAction\",\"target\":[\"https:\/\/iqri.org\/de\/den-israelisch-palaestinensischen-konflikt-verstehen-2\/\"]}]},{\"@type\":\"ImageObject\",\"inLanguage\":\"de\",\"@id\":\"https:\/\/iqri.org\/de\/den-israelisch-palaestinensischen-konflikt-verstehen-2\/#primaryimage\",\"url\":\"https:\/\/iqri.org\/wp-content\/uploads\/2025\/01\/49999656876_9bf79324ab_o-1.jpg\",\"contentUrl\":\"https:\/\/iqri.org\/wp-content\/uploads\/2025\/01\/49999656876_9bf79324ab_o-1.jpg\",\"width\":1408,\"height\":524,\"caption\":\"GAZA STRIP. Gaza City. Februar 12, 2003. Trauerfeier f\u00fcr Ahmed Muhamed Sleem, einen Hamas-Aktivisten, der am 11. Februar bei dem Versuch, auf einer Milit\u00e4rmission nach Israel zu gelangen, get\u00f6tet wurde.\"},{\"@type\":\"BreadcrumbList\",\"@id\":\"https:\/\/iqri.org\/de\/den-israelisch-palaestinensischen-konflikt-verstehen-2\/#breadcrumb\",\"itemListElement\":[{\"@type\":\"ListItem\",\"position\":1,\"name\":\"Accueil\",\"item\":\"https:\/\/iqri.org\/de\/startseite\/\"},{\"@type\":\"ListItem\",\"position\":2,\"name\":\"Den israelisch-pal\u00e4stinensischen Konflikt verstehen (2)\"}]},{\"@type\":\"WebSite\",\"@id\":\"https:\/\/iqri.org\/de\/#website\",\"url\":\"https:\/\/iqri.org\/de\/\",\"name\":\"IQRI.org\",\"description\":\"Institut pour les Questions Relatives \u00e0 l\u2019Islam\",\"potentialAction\":[{\"@type\":\"SearchAction\",\"target\":{\"@type\":\"EntryPoint\",\"urlTemplate\":\"https:\/\/iqri.org\/de\/?s={search_term_string}\"},\"query-input\":{\"@type\":\"PropertyValueSpecification\",\"valueRequired\":true,\"valueName\":\"search_term_string\"}}],\"inLanguage\":\"de\"},{\"@type\":\"Person\",\"@id\":\"https:\/\/iqri.org\/de\/#\/schema\/person\/2d0fcc1beb4f7f96a73e30c4b4f3f29b\",\"name\":\"Thimoo\",\"image\":{\"@type\":\"ImageObject\",\"inLanguage\":\"de\",\"@id\":\"https:\/\/iqri.org\/de\/#\/schema\/person\/image\/9a91194eac08d7f00287a66777707341\",\"url\":\"https:\/\/secure.gravatar.com\/avatar\/d0529aebc327da9540e738fe43ab43d84c5eeeaee6b74dd9ff2c1cabdb126697?s=96&d=mm&r=g\",\"contentUrl\":\"https:\/\/secure.gravatar.com\/avatar\/d0529aebc327da9540e738fe43ab43d84c5eeeaee6b74dd9ff2c1cabdb126697?s=96&d=mm&r=g\",\"caption\":\"Thimoo\"},\"url\":\"https:\/\/iqri.org\/de\/author\/thimoo\/\"}]}<\/script>\n<!-- \/ Yoast SEO plugin. -->","yoast_head_json":{"title":"Den israelisch-pal\u00e4stinensischen Konflikt verstehen (2) - IQRI.org","description":"Um den israelisch-pal\u00e4stinensischen Konflikt zu verstehen, muss er aus historischer und politischer Sicht betrachtet werden, ohne seine religi\u00f6se Dimension zu vernachl\u00e4ssigen.","robots":{"index":"index","follow":"follow","max-snippet":"max-snippet:-1","max-image-preview":"max-image-preview:large","max-video-preview":"max-video-preview:-1"},"canonical":"https:\/\/iqri.org\/de\/den-israelisch-palaestinensischen-konflikt-verstehen-2\/","og_locale":"de_DE","og_type":"article","og_title":"Den israelisch-pal\u00e4stinensischen Konflikt verstehen (2) - IQRI.org","og_description":"Um den israelisch-pal\u00e4stinensischen Konflikt zu verstehen, muss er aus historischer und politischer Sicht betrachtet werden, ohne seine religi\u00f6se Dimension zu vernachl\u00e4ssigen.","og_url":"https:\/\/iqri.org\/de\/den-israelisch-palaestinensischen-konflikt-verstehen-2\/","og_site_name":"IQRI.org","article_published_time":"2025-02-01T15:38:51+00:00","article_modified_time":"2026-02-05T12:44:26+00:00","og_image":[{"width":1408,"height":524,"url":"https:\/\/iqri.org\/wp-content\/uploads\/2025\/01\/49999656876_9bf79324ab_o-1.jpg","type":"image\/jpeg"}],"author":"IQRI","twitter_card":"summary_large_image","twitter_misc":{"Verfasst von":"Thimoo","Written by":"IQRI"},"schema":{"@context":"https:\/\/schema.org","@graph":[{"@type":"Article","@id":"https:\/\/iqri.org\/de\/den-israelisch-palaestinensischen-konflikt-verstehen-2\/#article","isPartOf":{"@id":"https:\/\/iqri.org\/de\/den-israelisch-palaestinensischen-konflikt-verstehen-2\/"},"author":{"name":"Thimoo","@id":"https:\/\/iqri.org\/de\/#\/schema\/person\/2d0fcc1beb4f7f96a73e30c4b4f3f29b"},"headline":"Den israelisch-pal\u00e4stinensischen Konflikt verstehen (2)","datePublished":"2025-02-01T15:38:51+00:00","dateModified":"2026-02-05T12:44:26+00:00","mainEntityOfPage":{"@id":"https:\/\/iqri.org\/de\/den-israelisch-palaestinensischen-konflikt-verstehen-2\/"},"wordCount":86,"image":{"@id":"https:\/\/iqri.org\/de\/den-israelisch-palaestinensischen-konflikt-verstehen-2\/#primaryimage"},"thumbnailUrl":"https:\/\/iqri.org\/wp-content\/uploads\/2025\/01\/49999656876_9bf79324ab_o-1.jpg","articleSection":["Antisemitismus","Konflikte mit den Juden"],"inLanguage":"de"},{"@type":"WebPage","@id":"https:\/\/iqri.org\/de\/den-israelisch-palaestinensischen-konflikt-verstehen-2\/","url":"https:\/\/iqri.org\/de\/den-israelisch-palaestinensischen-konflikt-verstehen-2\/","name":"Den israelisch-pal\u00e4stinensischen Konflikt verstehen (2) - IQRI.org","isPartOf":{"@id":"https:\/\/iqri.org\/de\/#website"},"primaryImageOfPage":{"@id":"https:\/\/iqri.org\/de\/den-israelisch-palaestinensischen-konflikt-verstehen-2\/#primaryimage"},"image":{"@id":"https:\/\/iqri.org\/de\/den-israelisch-palaestinensischen-konflikt-verstehen-2\/#primaryimage"},"thumbnailUrl":"https:\/\/iqri.org\/wp-content\/uploads\/2025\/01\/49999656876_9bf79324ab_o-1.jpg","datePublished":"2025-02-01T15:38:51+00:00","dateModified":"2026-02-05T12:44:26+00:00","author":{"@id":"https:\/\/iqri.org\/de\/#\/schema\/person\/2d0fcc1beb4f7f96a73e30c4b4f3f29b"},"description":"Um den israelisch-pal\u00e4stinensischen Konflikt zu verstehen, muss er aus historischer und politischer Sicht betrachtet werden, ohne seine religi\u00f6se Dimension zu vernachl\u00e4ssigen.","breadcrumb":{"@id":"https:\/\/iqri.org\/de\/den-israelisch-palaestinensischen-konflikt-verstehen-2\/#breadcrumb"},"inLanguage":"de","potentialAction":[{"@type":"ReadAction","target":["https:\/\/iqri.org\/de\/den-israelisch-palaestinensischen-konflikt-verstehen-2\/"]}]},{"@type":"ImageObject","inLanguage":"de","@id":"https:\/\/iqri.org\/de\/den-israelisch-palaestinensischen-konflikt-verstehen-2\/#primaryimage","url":"https:\/\/iqri.org\/wp-content\/uploads\/2025\/01\/49999656876_9bf79324ab_o-1.jpg","contentUrl":"https:\/\/iqri.org\/wp-content\/uploads\/2025\/01\/49999656876_9bf79324ab_o-1.jpg","width":1408,"height":524,"caption":"GAZA STRIP. Gaza City. Februar 12, 2003. Trauerfeier f\u00fcr Ahmed Muhamed Sleem, einen Hamas-Aktivisten, der am 11. Februar bei dem Versuch, auf einer Milit\u00e4rmission nach Israel zu gelangen, get\u00f6tet wurde."},{"@type":"BreadcrumbList","@id":"https:\/\/iqri.org\/de\/den-israelisch-palaestinensischen-konflikt-verstehen-2\/#breadcrumb","itemListElement":[{"@type":"ListItem","position":1,"name":"Accueil","item":"https:\/\/iqri.org\/de\/startseite\/"},{"@type":"ListItem","position":2,"name":"Den israelisch-pal\u00e4stinensischen Konflikt verstehen (2)"}]},{"@type":"WebSite","@id":"https:\/\/iqri.org\/de\/#website","url":"https:\/\/iqri.org\/de\/","name":"IQRI.org","description":"Institut pour les Questions Relatives \u00e0 l\u2019Islam","potentialAction":[{"@type":"SearchAction","target":{"@type":"EntryPoint","urlTemplate":"https:\/\/iqri.org\/de\/?s={search_term_string}"},"query-input":{"@type":"PropertyValueSpecification","valueRequired":true,"valueName":"search_term_string"}}],"inLanguage":"de"},{"@type":"Person","@id":"https:\/\/iqri.org\/de\/#\/schema\/person\/2d0fcc1beb4f7f96a73e30c4b4f3f29b","name":"Thimoo","image":{"@type":"ImageObject","inLanguage":"de","@id":"https:\/\/iqri.org\/de\/#\/schema\/person\/image\/9a91194eac08d7f00287a66777707341","url":"https:\/\/secure.gravatar.com\/avatar\/d0529aebc327da9540e738fe43ab43d84c5eeeaee6b74dd9ff2c1cabdb126697?s=96&d=mm&r=g","contentUrl":"https:\/\/secure.gravatar.com\/avatar\/d0529aebc327da9540e738fe43ab43d84c5eeeaee6b74dd9ff2c1cabdb126697?s=96&d=mm&r=g","caption":"Thimoo"},"url":"https:\/\/iqri.org\/de\/author\/thimoo\/"}]}},"_links":{"self":[{"href":"https:\/\/iqri.org\/de\/wp-json\/wp\/v2\/posts\/39837","targetHints":{"allow":["GET"]}}],"collection":[{"href":"https:\/\/iqri.org\/de\/wp-json\/wp\/v2\/posts"}],"about":[{"href":"https:\/\/iqri.org\/de\/wp-json\/wp\/v2\/types\/post"}],"author":[{"embeddable":true,"href":"https:\/\/iqri.org\/de\/wp-json\/wp\/v2\/users\/1"}],"replies":[{"embeddable":true,"href":"https:\/\/iqri.org\/de\/wp-json\/wp\/v2\/comments?post=39837"}],"version-history":[{"count":1,"href":"https:\/\/iqri.org\/de\/wp-json\/wp\/v2\/posts\/39837\/revisions"}],"predecessor-version":[{"id":40198,"href":"https:\/\/iqri.org\/de\/wp-json\/wp\/v2\/posts\/39837\/revisions\/40198"}],"wp:featuredmedia":[{"embeddable":true,"href":"https:\/\/iqri.org\/de\/wp-json\/wp\/v2\/media\/39838"}],"wp:attachment":[{"href":"https:\/\/iqri.org\/de\/wp-json\/wp\/v2\/media?parent=39837"}],"wp:term":[{"taxonomy":"category","embeddable":true,"href":"https:\/\/iqri.org\/de\/wp-json\/wp\/v2\/categories?post=39837"},{"taxonomy":"post_tag","embeddable":true,"href":"https:\/\/iqri.org\/de\/wp-json\/wp\/v2\/tags?post=39837"},{"taxonomy":"author","embeddable":true,"href":"https:\/\/iqri.org\/de\/wp-json\/wp\/v2\/coauthors?post=39837"}],"curies":[{"name":"wp","href":"https:\/\/api.w.org\/{rel}","templated":true}]}}