{"id":39825,"date":"2025-03-05T17:25:03","date_gmt":"2025-03-05T16:25:03","guid":{"rendered":"https:\/\/iqri.org\/muslime-als-opfer-des-islam\/"},"modified":"2026-02-05T13:43:33","modified_gmt":"2026-02-05T12:43:33","slug":"muslime-als-opfer-des-islam","status":"publish","type":"post","link":"https:\/\/iqri.org\/de\/muslime-als-opfer-des-islam\/","title":{"rendered":"Muslime als Opfer des Islam?"},"content":{"rendered":"&#13;\n<p><strong>Muslime als Opfer des Islam? Ja, viele Muslime sind Opfer des Islam, sagte Soran Tarkhani. Er f\u00fcgte hinzu: &#8222;Wenn Sie mit dem gegenw\u00e4rtigen Schicksal der Muslime sympathisieren, sind Sie verpflichtet, den Islam zu kritisieren. Das ist der einzige rationale und vern\u00fcnftige Weg nach vorne<strong>.<\/strong>   <\/strong><\/p>&#13;\n\r\n<div>\u00a0<\/div>\r\n&#13;\n<p>Ich wuchs in &#8222;Kurdistan&#8220; auf, einem Land, das gerne mit s\u00e4kularer Philosophie in Verbindung gebracht wird, und meine Sympathie galt nat\u00fcrlich der politischen Linken, gegen die konservativen Ansichten, die ich als religi\u00f6s und r\u00fcckw\u00e4rtsgewandt betrachtete.<\/p>&#13;\n&#13;\n<p>Als ich zum Studium in die Vereinigten Staaten kam, behielt ich diese Position bei und schloss mich verschiedenen liberalen Hochschulgruppen an, deren Mitglieder zu den offen links orientierten Mitgliedern meines sozialen Netzwerks hinzukamen. Abgesehen von meiner starken Unterst\u00fctzung f\u00fcr den Irakkrieg und die Befreiung Kurdistans f\u00fchlte ich mich meinen liberalen Kollegen, deren Ideale ich teilte, sehr nahe. <\/p>&#13;\n&#13;\n<h2 id=\"block-de865621-16e2-4c67-9e2d-07bcdf1335f2\" class=\"wp-block-heading has-9-c-0000-color has-text-color has-medium-font-size\"><strong>Die Trennlinie<\/strong><\/h2>&#13;\n<p><style>#block-de865621-16e2-4c67-9e2d-07bcdf1335f2 h2, #block-de865621-16e2-4c67-9e2d-07bcdf1335f2 h3, #block-de865621-16e2-4c67-9e2d-07bcdf1335f2 h4, #block-de865621-16e2-4c67-9e2d-07bcdf1335f2 h5 , #block-de865621-16e2-4c67-9e2d-07bcdf1335f2 { color: #9c0000; }<\/style><\/p>&#13;\n&#13;\n<p>Aber nach den schrecklichen Terroranschl\u00e4gen in Paris (2015) begann dieses Gef\u00fchl der Solidarit\u00e4t und Zugeh\u00f6rigkeit zu br\u00f6ckeln. Studenten mieden mich und beschuldigten mich der Bigotterie und des Rassismus, weil ich offen \u00fcber die Gefahren des Islam sprach. In meiner Heimat Kurdistan habe ich mich immer f\u00fcr die Trennung von Moschee und Staat eingesetzt. Aber sich gegen jegliche religi\u00f6se Dominanz in den Vereinigten Staaten zu stellen, war eine ganz andere Geschichte. Anscheinend durfte man nur bestimmte Religionen kritisieren, w\u00e4hrend andere einen sakrosankten Status zu genie\u00dfen schienen. Aufgrund meiner Beitr\u00e4ge wurde ich aus verschiedenen linken Foren und Facebook-Gruppen ausgeschlossen, in denen ich lange Zeit als willkommener Teilnehmer gegolten hatte. Die Situation verschlechterte sich so sehr, dass ich Angst hatte, meine Meinung ehrlich zu \u00e4u\u00dfern, eine Situation, die ich nicht einmal im Irak erlebt hatte.      <\/p>&#13;\n&#13;\n<h2 id=\"block-90de00d6-8be7-4a1d-9bce-b4efb7f93225\" class=\"wp-block-heading has-9-c-0000-color has-text-color has-medium-font-size\"><strong>Das gr\u00f6\u00dfte Hindernis auf dem Weg der muslimischen Welt<\/strong><\/h2>&#13;\n<p><style>#block-90de00d6-8be7-4a1d-9bce-b4efb7f93225 h2, #block-90de00d6-8be7-4a1d-9bce-b4efb7f93225 h3, #block-90de00d6-8be7-4a1d-9bce-b4efb7f93225 h4, #block-90de00d6-8be7-4a1d-9bce-b4efb7f93225 h5 , #block-90de00d6-8be7-4a1d-9bce-b4efb7f93225 { color: #9c0000; }<\/style><\/p>&#13;\n&#13;\n<p>Aus irgendeinem mir unbekannten Grund wollen einige nicht h\u00f6ren, wie diejenigen, die Opfer des Islam geworden sind, ihre Ablehnung dieser Religion zum Ausdruck bringen. <strong>Ich bin jedoch der festen \u00dcberzeugung, dass das gr\u00f6\u00dfte Hindernis auf dem Weg der muslimischen Welt der Islam selbst ist<\/strong>. Es ist daher ein absolutes Armutszeugnis, dass Mitglieder einer westlichen liberalen Demokratie Kritik f\u00fcrchten, wenn sie sich einer Form religi\u00f6ser Hegemonie widersetzen, w\u00e4hrend diejenigen, die in einem vom Krieg zerr\u00fctteten Land im Nahen Osten leben, keine solche Angst kennen. <\/p>&#13;\n&#13;\n<p>Da ich nicht gen\u00fcgend intellektuellen Raum hatte, um meine Meinung offen zu \u00e4u\u00dfern und \u00fcber meine Erfahrungen zu sprechen, musste ich mich an <em>Ex-Muslime in Nordamerika <\/em>wenden, eine Organisation, die sich denjenigen widmet, die wie ich antiklerikale Dissidenten mit islamischem Hintergrund sind.<\/p>&#13;\n&#13;\n<h2 id=\"block-bbd958ac-10e7-4cab-a816-012b5ef0d915\" class=\"wp-block-heading has-9-c-0000-color has-text-color has-medium-font-size\"><strong>Die Kritik am Islam sollte die Priorit\u00e4t einer liberalen Person sein.<\/strong><\/h2>&#13;\n<p><style>#block-bbd958ac-10e7-4cab-a816-012b5ef0d915 h2, #block-bbd958ac-10e7-4cab-a816-012b5ef0d915 h3, #block-bbd958ac-10e7-4cab-a816-012b5ef0d915 h4, #block-bbd958ac-10e7-4cab-a816-012b5ef0d915 h5 , #block-bbd958ac-10e7-4cab-a816-012b5ef0d915 { color: #9c0000; }<\/style><\/p>&#13;\n&#13;\n<p>Ich pers\u00f6nlich verstehe immer noch nicht, wie die Verteidigung des Islam zu einer liberalen Haltung geworden ist, wenn der Islam eine zutiefst konservative Ideologie ist, die sich gegen die meisten liberalen Normen und Werte wendet. Gibt es nicht im Kern des Liberalismus den Willen, Ideologien zu bek\u00e4mpfen, die die Menschenw\u00fcrde verletzen? Warum sollte man einen nicht reformierten Islam sch\u00fctzen, der das 6. Jahrhundert mit Nostalgie betrachtet und versucht, uns dorthin zur\u00fcckzuf\u00fchren? Es besteht ein erheblicher Unterschied zwischen der Verteidigung der individuellen Freiheiten von Menschen, ob Muslime oder andere, und der Verteidigung der Ideen, die ihnen lieb und teuer sind.   <\/p>&#13;\n&#13;\n<p>Wenn Sie der Meinung sind, dass die Behandlung von Frauen als B\u00fcrger zweiter Klasse, die T\u00f6tung von Abtr\u00fcnnigen, das Verbot der Rechte von Homosexuellen, die Einschr\u00e4nkung oder Beseitigung der pers\u00f6nlichen Freiheit, die Unterst\u00fctzung von Kindesmissbrauch, die Genehmigung der Beschneidung und der Heirat von Minderj\u00e4hrigen und viele andere derartige Praktiken nicht hinterfragt werden m\u00fcssen, wie k\u00f6nnen Sie sich dann noch guten Gewissens als &#8222;liberal&#8220; bezeichnen? Wie k\u00f6nnen Sie Ihre Grundprinzipien aufs Spiel setzen, indem Sie Dinge tolerieren, die Ihre Normen und \u00dcberzeugungen direkt bedrohen? <\/p>&#13;\n&#13;\n<p><strong>Lesen Sie auch<\/strong>: <a href=\"https:\/\/iqri.org\/critiquer-lislam\/\">Kann man den Islam kritisieren, ohne islamophob zu sein?<\/a> und <a href=\"https:\/\/iqri.org\/comment-lislam-sanctionne-t-il-lapostasie\/\">Wie bestraft der Islam die Apostasie?<\/a><\/p>&#13;\n&#13;\n<h2 id=\"block-21e17803-4082-4180-a8d2-6e99c0618f26\" class=\"wp-block-heading has-9-c-0000-color has-text-color has-medium-font-size\"><strong>Konvergenz der Ansichten<\/strong><\/h2>&#13;\n<p><style>#block-21e17803-4082-4180-a8d2-6e99c0618f26 h2, #block-21e17803-4082-4180-a8d2-6e99c0618f26 h3, #block-21e17803-4082-4180-a8d2-6e99c0618f26 h4, #block-21e17803-4082-4180-a8d2-6e99c0618f26 h5 , #block-21e17803-4082-4180-a8d2-6e99c0618f26 { color: #9c0000; }<\/style><\/p>&#13;\n&#13;\n<p>Ich bin in einem muslimischen Umfeld aufgewachsen. Dies verleiht meiner Aussage ein gewisses Gewicht, zumindest f\u00fcr diejenigen, die glauben, dass Erfahrung einer Aussage Gewicht verleihen kann. Lassen wir also zun\u00e4chst Al-Qaida und den Islamischen Staat beiseite, da sie allgemein als zu barbarisch angesehen werden, um in die liberale und zivilisierte Welt zu passen. Betrachten wir also die Gemeinschaften und L\u00e4nder mit muslimischer Mehrheit. Laut dem IHEU-Bericht von 2015 &#8211; International Humanist and Ethical Union&#8217;s Freedom of Thought &#8211; sind 13 der 13 L\u00e4nder, in denen die Todesstrafe f\u00fcr Apostasie verh\u00e4ngt wird, mehrheitlich muslimisch.    <\/p>&#13;\n&#13;\n<p>Die Daten des Pew Research Center von 2012 zeigten auch, dass die gro\u00dfe Mehrheit der muslimischen L\u00e4nder Apostasie und Blasphemie verbietet, die beide mit Strafen von 10 Jahren Haft bis zur Todesstrafe geahndet werden. Kein muslimisches Land erkennt die Rechte von Ex-Muslimen und antiklerikalen Dissidenten in vollem Umfang an. Die meisten von ihnen, einschlie\u00dflich liberaler Hochburgen wie der T\u00fcrkei (sic), halten M\u00e4nner und Frauen in ihren Gef\u00e4ngnissen fest, die des Unglaubens beschuldigt werden. Vergleichen Sie diese Praxis mit dem Schicksal von Ungl\u00e4ubigen in den meisten westlichen L\u00e4ndern. Wann fand der letzte Ketzerprozess statt? Wie viele M\u00e4nner und Frauen sind heute wegen Unglaubens inhaftiert?     <\/p>&#13;\n&#13;\n<h2 id=\"block-281cc487-329c-4c1f-8755-a674ce3e8e3b\" class=\"wp-block-heading has-9-c-0000-color has-text-color has-medium-font-size\"><strong>Meine tiefe Liebe zu den Muslimen ist der Grund f\u00fcr meine Kritik am Islam.<\/strong><\/h2>&#13;\n<p><style>#block-281cc487-329c-4c1f-8755-a674ce3e8e3b h2, #block-281cc487-329c-4c1f-8755-a674ce3e8e3b h3, #block-281cc487-329c-4c1f-8755-a674ce3e8e3b h4, #block-281cc487-329c-4c1f-8755-a674ce3e8e3b h5 , #block-281cc487-329c-4c1f-8755-a674ce3e8e3b { color: #9c0000; }<\/style><\/p>&#13;\n&#13;\n<p>Mir wurde oft gesagt, dass das Eintreten f\u00fcr den Islam gleichbedeutend mit dem Eintreten f\u00fcr die Opfer von Diskriminierung und Rassismus ist. Obwohl dies in einigen westlichen Kontexten zutreffen mag, ist es eine Tatsache, dass Ex-Muslime wie ich von Muslimen bedroht und regelm\u00e4\u00dfig ermordet werden, und zwar \u00fcberall auf der Welt. Vergleichen Sie diese Tatsache mit einer anderen: Wie viele westliche L\u00e4nder schreiben die Todesstrafe f\u00fcr muslimische Personen vor? KEINER! Das bedeutet nicht, dass es in diesen L\u00e4ndern keinen antimuslimischen Rassismus oder Bigotterie gibt&#8230;. (Das Problem ist, dass weder die extreme Rechte noch die Liberalen die Hegemonie des Islam \u00fcber unser Leben brechen wollen. Beide sind nicht bereit, zwischen Individuen und Ideologie zu unterscheiden. Ich bin jedoch davon \u00fcberzeugt, dass alle Ideologien kritisiert werden m\u00fcssen.<\/p>&#13;\n&#13;\n<p>Wenn wir sagen, dass der Islam eine schlechte Ideologie ist, sagen wir nicht, dass die Muslime als Einzelne schlecht sind. Wenn Muslime die Apostasie verurteilen, liegt der Grund daf\u00fcr nicht in ihnen selbst, sondern in der islamischen Doktrin. Ihre Intoleranz gegen\u00fcber Andersdenkenden ist nicht genetisch programmiert. Meine gesamte Familie ist muslimisch und ich habe eine tiefe Zuneigung zu ihnen. In der Tat ist es meine tiefe Liebe zu den Muslimen, die meine Kritik am Islam motiviert. Ich glaube, dass die Hauptquelle der Probleme der islamischen Welt im Islam selbst liegt und nicht im Kolonialismus, der Arbeitslosigkeit, dem Analphabetismus, der Armut und so weiter. Die beiden Faktoren, die der muslimischen Welt am meisten schaden, sind der Terrorismus und radikale Muslime, die laut Maajid Nawaz &#8222;den Islam missbraucht&#8220; haben und alle, die anders denken als sie, d\u00e4monisieren.      <\/p>&#13;\n&#13;\n<p><strong>Lesen Sie auch<\/strong>: <a href=\"https:\/\/fr.wikipedia.org\/wiki\/Terrorisme_islamiste\" target=\"_blank\" rel=\"noreferrer noopener\">Islamistischer Terrorismus<\/a> und <a href=\"https:\/\/fr.wikipedia.org\/wiki\/Terrorisme_chr%C3%A9tien\" target=\"_blank\" rel=\"noreferrer noopener\">christlicher Terrorismus<\/a><\/p>&#13;\n&#13;\n<h2 id=\"block-d762768b-aac2-46e7-a3dc-6d4d4fb4e0d7\" class=\"wp-block-heading has-9-c-0000-color has-text-color has-medium-font-size\"><strong>Lassen Sie diejenigen, die Opfer des Islams sind, f\u00fcr ihre Freiheit k\u00e4mpfen.<\/strong><\/h2>&#13;\n<p><style>#block-d762768b-aac2-46e7-a3dc-6d4d4fb4e0d7 h2, #block-d762768b-aac2-46e7-a3dc-6d4d4fb4e0d7 h3, #block-d762768b-aac2-46e7-a3dc-6d4d4fb4e0d7 h4, #block-d762768b-aac2-46e7-a3dc-6d4d4fb4e0d7 h5 , #block-d762768b-aac2-46e7-a3dc-6d4d4fb4e0d7 { color: #9c0000; }<\/style><\/p>&#13;\n&#13;\n<p>Diejenigen, die sich in die Luft sprengen, singen eher &#8222;Allah u Akbar&#8220; als Rock and Roll. Sie werden von der islamischen Doktrin motiviert&#8230;.. Sie werden durch ihre Vision des Islams motiviert und nicht durch irgendeinen materiellen Vorteil. Damit sich die Dinge \u00e4ndern, m\u00fcssen diese Normen in Frage gestellt werden. Damit Ex-Muslime ohne Angst um ihr Leben leben k\u00f6nnen, ist es notwendig, die Relevanz des Islams in Frage zu stellen. Wenn Sie mit dem derzeitigen Schicksal der Muslime sympathisieren, sind Sie verpflichtet, den Islam zu kritisieren. Dies ist der einzige rationale und vern\u00fcnftige Weg, um weiterzukommen. Dies ist auch die Art und Weise, wie der Westen Fortschritte gemacht hat, indem er die Fesseln des christlichen Dogmas sprengte.       <\/p>&#13;\n&#13;\n<p>Wenn Sie zu \u00e4ngstlich und unsicher sind, wenn Sie denken, dass Sie nicht gut genug ausger\u00fcstet sind, um den Islam zu kritisieren, dann machen Sie wenigstens Platz und lassen Sie diejenigen unter uns, die Opfer des Islam sind, aufstehen und zur\u00fcckschlagen. Bitte h\u00f6ren Sie auf zu versuchen, uns zum Schweigen zu bringen und unsere Existenz auszul\u00f6schen. Wenn Sie sich auf die Seite der islamischen religi\u00f6sen Konservativen gegen die Liberalen, gegen die S\u00e4kularen stellen &#8211; wegen unserer Hautfarbe oder wegen unserer unterschiedlichen geographischen Herkunft -, dann sollten Sie wissen, dass Sie die menschliche Entwicklung behindern und die Opfer des Islams noch mehr verletzen, indem Sie Stimmen zum Schweigen bringen, die f\u00fcr den Fortschritt von entscheidender Bedeutung sind.  <\/p>&#13;\n&#13;\n<p>Quelle: <a href=\"https:\/\/www.theexmuslim.com\/2016\/04\/12\/what-about-the-victims-of-islam\/\">https:\/\/www.theexmuslim.com\/2016\/04\/12\/what-about-the-victims-of-islam\/<\/a><\/p>&#13;\n&#13;\n<p>*<strong>Hinweis<\/strong>: Der Autor dieses Artikels ist f\u00fcr seine Aussagen allein verantwortlich. Die Tatsache, dass wir seine Ansichten ver\u00f6ffentlichen, bedeutet nicht, dass wir sie in allen Punkten guthei\u00dfen. <\/p>&#13;\n","protected":false},"excerpt":{"rendered":"<p>Muslime als Opfer des Islam? Ja, viele Muslime seien Opfer des Islam, sagte Soran Tarkhani. Er f\u00fcgte hinzu: &#8222;Wenn Sie mit dem derzeitigen Schicksal der Muslime sympathisieren, sind Sie verpflichtet, den Islam zu kritisieren. Dies ist der einzige rationale und vern\u00fcnftige Weg, um weiterzukommen.   <\/p>\n","protected":false},"author":1,"featured_media":39826,"comment_status":"open","ping_status":"open","sticky":false,"template":"","format":"standard","meta":{"_acf_changed":false,"footnotes":""},"categories":[650,651,652],"tags":[656,653,654,655],"coauthors":[108],"class_list":["post-39825","post","type-post","status-publish","format-standard","has-post-thumbnail","hentry","category-aufhebung-der-gebote","category-islam-der-aufklarung","category-veroffentlichungen","tag-fur-die-freiheit-der-muslime-zu-kampfen","tag-islam-feind-des-muslims","tag-kritik-am-islam-als-prioritat","tag-liebe-zu-muslimen-motiviert-zur-kritik-am-islam"],"acf":[],"yoast_head":"<!-- This site is optimized with the Yoast SEO plugin v26.8 - https:\/\/yoast.com\/product\/yoast-seo-wordpress\/ -->\n<title>Muslime als Opfer des Islam? - IQRI.org<\/title>\n<meta name=\"description\" content=\"Wenn Sie mit dem aktuellen Schicksal der Muslime sympathisieren, sind Sie verpflichtet, den Islam zu kritisieren, sagt Soran Tarkhani.\" \/>\n<meta name=\"robots\" content=\"index, follow, max-snippet:-1, max-image-preview:large, max-video-preview:-1\" \/>\n<link rel=\"canonical\" href=\"https:\/\/iqri.org\/de\/muslime-als-opfer-des-islam\/\" \/>\n<meta property=\"og:locale\" content=\"de_DE\" \/>\n<meta property=\"og:type\" content=\"article\" \/>\n<meta property=\"og:title\" content=\"Muslime als Opfer des Islam? - IQRI.org\" \/>\n<meta property=\"og:description\" content=\"Wenn Sie mit dem aktuellen Schicksal der Muslime sympathisieren, sind Sie verpflichtet, den Islam zu kritisieren, sagt Soran Tarkhani.\" \/>\n<meta property=\"og:url\" content=\"https:\/\/iqri.org\/de\/muslime-als-opfer-des-islam\/\" \/>\n<meta property=\"og:site_name\" content=\"IQRI.org\" \/>\n<meta property=\"article:published_time\" content=\"2025-03-05T16:25:03+00:00\" \/>\n<meta property=\"article:modified_time\" content=\"2026-02-05T12:43:33+00:00\" \/>\n<meta property=\"og:image\" content=\"https:\/\/iqri.org\/wp-content\/uploads\/2022\/06\/14401680251_ad7dbfa31d_k-2.jpg\" \/>\n\t<meta property=\"og:image:width\" content=\"2048\" \/>\n\t<meta property=\"og:image:height\" content=\"1371\" \/>\n\t<meta property=\"og:image:type\" content=\"image\/jpeg\" \/>\n<meta name=\"author\" content=\"Soran Tarkhani\" \/>\n<meta name=\"twitter:card\" content=\"summary_large_image\" \/>\n<meta name=\"twitter:label1\" content=\"Verfasst von\" \/>\n\t<meta name=\"twitter:data1\" content=\"Thimoo\" \/>\n\t<meta name=\"twitter:label2\" content=\"Gesch\u00e4tzte Lesezeit\" \/>\n\t<meta name=\"twitter:data2\" content=\"7\u00a0Minuten\" \/>\n\t<meta name=\"twitter:label3\" content=\"Written by\" \/>\n\t<meta name=\"twitter:data3\" content=\"Soran Tarkhani\" \/>\n<script type=\"application\/ld+json\" class=\"yoast-schema-graph\">{\"@context\":\"https:\/\/schema.org\",\"@graph\":[{\"@type\":\"Article\",\"@id\":\"https:\/\/iqri.org\/de\/muslime-als-opfer-des-islam\/#article\",\"isPartOf\":{\"@id\":\"https:\/\/iqri.org\/de\/muslime-als-opfer-des-islam\/\"},\"author\":{\"name\":\"Thimoo\",\"@id\":\"https:\/\/iqri.org\/de\/#\/schema\/person\/2d0fcc1beb4f7f96a73e30c4b4f3f29b\"},\"headline\":\"Muslime als Opfer des Islam?\",\"datePublished\":\"2025-03-05T16:25:03+00:00\",\"dateModified\":\"2026-02-05T12:43:33+00:00\",\"mainEntityOfPage\":{\"@id\":\"https:\/\/iqri.org\/de\/muslime-als-opfer-des-islam\/\"},\"wordCount\":1462,\"commentCount\":0,\"image\":{\"@id\":\"https:\/\/iqri.org\/de\/muslime-als-opfer-des-islam\/#primaryimage\"},\"thumbnailUrl\":\"https:\/\/iqri.org\/wp-content\/uploads\/2022\/06\/14401680251_ad7dbfa31d_k-2.jpg\",\"keywords\":[\"f\u00fcr die Freiheit der Muslime zu k\u00e4mpfen\",\"Islam Feind des Muslims\",\"Kritik am Islam als Priorit\u00e4t\",\"Liebe zu Muslimen motiviert zur Kritik am Islam\"],\"articleSection\":[\"Aufhebung der Gebote\",\"Islam der Aufkl\u00e4rung\",\"Ver\u00f6ffentlichungen\"],\"inLanguage\":\"de\",\"potentialAction\":[{\"@type\":\"CommentAction\",\"name\":\"Comment\",\"target\":[\"https:\/\/iqri.org\/de\/muslime-als-opfer-des-islam\/#respond\"]}]},{\"@type\":\"WebPage\",\"@id\":\"https:\/\/iqri.org\/de\/muslime-als-opfer-des-islam\/\",\"url\":\"https:\/\/iqri.org\/de\/muslime-als-opfer-des-islam\/\",\"name\":\"Muslime als Opfer des Islam? - IQRI.org\",\"isPartOf\":{\"@id\":\"https:\/\/iqri.org\/de\/#website\"},\"primaryImageOfPage\":{\"@id\":\"https:\/\/iqri.org\/de\/muslime-als-opfer-des-islam\/#primaryimage\"},\"image\":{\"@id\":\"https:\/\/iqri.org\/de\/muslime-als-opfer-des-islam\/#primaryimage\"},\"thumbnailUrl\":\"https:\/\/iqri.org\/wp-content\/uploads\/2022\/06\/14401680251_ad7dbfa31d_k-2.jpg\",\"datePublished\":\"2025-03-05T16:25:03+00:00\",\"dateModified\":\"2026-02-05T12:43:33+00:00\",\"author\":{\"@id\":\"https:\/\/iqri.org\/de\/#\/schema\/person\/2d0fcc1beb4f7f96a73e30c4b4f3f29b\"},\"description\":\"Wenn Sie mit dem aktuellen Schicksal der Muslime sympathisieren, sind Sie verpflichtet, den Islam zu kritisieren, sagt Soran Tarkhani.\",\"breadcrumb\":{\"@id\":\"https:\/\/iqri.org\/de\/muslime-als-opfer-des-islam\/#breadcrumb\"},\"inLanguage\":\"de\",\"potentialAction\":[{\"@type\":\"ReadAction\",\"target\":[\"https:\/\/iqri.org\/de\/muslime-als-opfer-des-islam\/\"]}]},{\"@type\":\"ImageObject\",\"inLanguage\":\"de\",\"@id\":\"https:\/\/iqri.org\/de\/muslime-als-opfer-des-islam\/#primaryimage\",\"url\":\"https:\/\/iqri.org\/wp-content\/uploads\/2022\/06\/14401680251_ad7dbfa31d_k-2.jpg\",\"contentUrl\":\"https:\/\/iqri.org\/wp-content\/uploads\/2022\/06\/14401680251_ad7dbfa31d_k-2.jpg\",\"width\":2048,\"height\":1371},{\"@type\":\"BreadcrumbList\",\"@id\":\"https:\/\/iqri.org\/de\/muslime-als-opfer-des-islam\/#breadcrumb\",\"itemListElement\":[{\"@type\":\"ListItem\",\"position\":1,\"name\":\"Accueil\",\"item\":\"https:\/\/iqri.org\/de\/startseite\/\"},{\"@type\":\"ListItem\",\"position\":2,\"name\":\"Muslime als Opfer des Islam?\"}]},{\"@type\":\"WebSite\",\"@id\":\"https:\/\/iqri.org\/de\/#website\",\"url\":\"https:\/\/iqri.org\/de\/\",\"name\":\"IQRI.org\",\"description\":\"Institut pour les Questions Relatives \u00e0 l\u2019Islam\",\"potentialAction\":[{\"@type\":\"SearchAction\",\"target\":{\"@type\":\"EntryPoint\",\"urlTemplate\":\"https:\/\/iqri.org\/de\/?s={search_term_string}\"},\"query-input\":{\"@type\":\"PropertyValueSpecification\",\"valueRequired\":true,\"valueName\":\"search_term_string\"}}],\"inLanguage\":\"de\"},{\"@type\":\"Person\",\"@id\":\"https:\/\/iqri.org\/de\/#\/schema\/person\/2d0fcc1beb4f7f96a73e30c4b4f3f29b\",\"name\":\"Thimoo\",\"image\":{\"@type\":\"ImageObject\",\"inLanguage\":\"de\",\"@id\":\"https:\/\/iqri.org\/de\/#\/schema\/person\/image\/9a91194eac08d7f00287a66777707341\",\"url\":\"https:\/\/secure.gravatar.com\/avatar\/d0529aebc327da9540e738fe43ab43d84c5eeeaee6b74dd9ff2c1cabdb126697?s=96&d=mm&r=g\",\"contentUrl\":\"https:\/\/secure.gravatar.com\/avatar\/d0529aebc327da9540e738fe43ab43d84c5eeeaee6b74dd9ff2c1cabdb126697?s=96&d=mm&r=g\",\"caption\":\"Thimoo\"},\"url\":\"https:\/\/iqri.org\/de\/author\/thimoo\/\"}]}<\/script>\n<!-- \/ Yoast SEO plugin. -->","yoast_head_json":{"title":"Muslime als Opfer des Islam? - IQRI.org","description":"Wenn Sie mit dem aktuellen Schicksal der Muslime sympathisieren, sind Sie verpflichtet, den Islam zu kritisieren, sagt Soran Tarkhani.","robots":{"index":"index","follow":"follow","max-snippet":"max-snippet:-1","max-image-preview":"max-image-preview:large","max-video-preview":"max-video-preview:-1"},"canonical":"https:\/\/iqri.org\/de\/muslime-als-opfer-des-islam\/","og_locale":"de_DE","og_type":"article","og_title":"Muslime als Opfer des Islam? - IQRI.org","og_description":"Wenn Sie mit dem aktuellen Schicksal der Muslime sympathisieren, sind Sie verpflichtet, den Islam zu kritisieren, sagt Soran Tarkhani.","og_url":"https:\/\/iqri.org\/de\/muslime-als-opfer-des-islam\/","og_site_name":"IQRI.org","article_published_time":"2025-03-05T16:25:03+00:00","article_modified_time":"2026-02-05T12:43:33+00:00","og_image":[{"width":2048,"height":1371,"url":"https:\/\/iqri.org\/wp-content\/uploads\/2022\/06\/14401680251_ad7dbfa31d_k-2.jpg","type":"image\/jpeg"}],"author":"Soran Tarkhani","twitter_card":"summary_large_image","twitter_misc":{"Verfasst von":"Thimoo","Gesch\u00e4tzte Lesezeit":"7\u00a0Minuten","Written by":"Soran Tarkhani"},"schema":{"@context":"https:\/\/schema.org","@graph":[{"@type":"Article","@id":"https:\/\/iqri.org\/de\/muslime-als-opfer-des-islam\/#article","isPartOf":{"@id":"https:\/\/iqri.org\/de\/muslime-als-opfer-des-islam\/"},"author":{"name":"Thimoo","@id":"https:\/\/iqri.org\/de\/#\/schema\/person\/2d0fcc1beb4f7f96a73e30c4b4f3f29b"},"headline":"Muslime als Opfer des Islam?","datePublished":"2025-03-05T16:25:03+00:00","dateModified":"2026-02-05T12:43:33+00:00","mainEntityOfPage":{"@id":"https:\/\/iqri.org\/de\/muslime-als-opfer-des-islam\/"},"wordCount":1462,"commentCount":0,"image":{"@id":"https:\/\/iqri.org\/de\/muslime-als-opfer-des-islam\/#primaryimage"},"thumbnailUrl":"https:\/\/iqri.org\/wp-content\/uploads\/2022\/06\/14401680251_ad7dbfa31d_k-2.jpg","keywords":["f\u00fcr die Freiheit der Muslime zu k\u00e4mpfen","Islam Feind des Muslims","Kritik am Islam als Priorit\u00e4t","Liebe zu Muslimen motiviert zur Kritik am Islam"],"articleSection":["Aufhebung der Gebote","Islam der Aufkl\u00e4rung","Ver\u00f6ffentlichungen"],"inLanguage":"de","potentialAction":[{"@type":"CommentAction","name":"Comment","target":["https:\/\/iqri.org\/de\/muslime-als-opfer-des-islam\/#respond"]}]},{"@type":"WebPage","@id":"https:\/\/iqri.org\/de\/muslime-als-opfer-des-islam\/","url":"https:\/\/iqri.org\/de\/muslime-als-opfer-des-islam\/","name":"Muslime als Opfer des Islam? - IQRI.org","isPartOf":{"@id":"https:\/\/iqri.org\/de\/#website"},"primaryImageOfPage":{"@id":"https:\/\/iqri.org\/de\/muslime-als-opfer-des-islam\/#primaryimage"},"image":{"@id":"https:\/\/iqri.org\/de\/muslime-als-opfer-des-islam\/#primaryimage"},"thumbnailUrl":"https:\/\/iqri.org\/wp-content\/uploads\/2022\/06\/14401680251_ad7dbfa31d_k-2.jpg","datePublished":"2025-03-05T16:25:03+00:00","dateModified":"2026-02-05T12:43:33+00:00","author":{"@id":"https:\/\/iqri.org\/de\/#\/schema\/person\/2d0fcc1beb4f7f96a73e30c4b4f3f29b"},"description":"Wenn Sie mit dem aktuellen Schicksal der Muslime sympathisieren, sind Sie verpflichtet, den Islam zu kritisieren, sagt Soran Tarkhani.","breadcrumb":{"@id":"https:\/\/iqri.org\/de\/muslime-als-opfer-des-islam\/#breadcrumb"},"inLanguage":"de","potentialAction":[{"@type":"ReadAction","target":["https:\/\/iqri.org\/de\/muslime-als-opfer-des-islam\/"]}]},{"@type":"ImageObject","inLanguage":"de","@id":"https:\/\/iqri.org\/de\/muslime-als-opfer-des-islam\/#primaryimage","url":"https:\/\/iqri.org\/wp-content\/uploads\/2022\/06\/14401680251_ad7dbfa31d_k-2.jpg","contentUrl":"https:\/\/iqri.org\/wp-content\/uploads\/2022\/06\/14401680251_ad7dbfa31d_k-2.jpg","width":2048,"height":1371},{"@type":"BreadcrumbList","@id":"https:\/\/iqri.org\/de\/muslime-als-opfer-des-islam\/#breadcrumb","itemListElement":[{"@type":"ListItem","position":1,"name":"Accueil","item":"https:\/\/iqri.org\/de\/startseite\/"},{"@type":"ListItem","position":2,"name":"Muslime als Opfer des Islam?"}]},{"@type":"WebSite","@id":"https:\/\/iqri.org\/de\/#website","url":"https:\/\/iqri.org\/de\/","name":"IQRI.org","description":"Institut pour les Questions Relatives \u00e0 l\u2019Islam","potentialAction":[{"@type":"SearchAction","target":{"@type":"EntryPoint","urlTemplate":"https:\/\/iqri.org\/de\/?s={search_term_string}"},"query-input":{"@type":"PropertyValueSpecification","valueRequired":true,"valueName":"search_term_string"}}],"inLanguage":"de"},{"@type":"Person","@id":"https:\/\/iqri.org\/de\/#\/schema\/person\/2d0fcc1beb4f7f96a73e30c4b4f3f29b","name":"Thimoo","image":{"@type":"ImageObject","inLanguage":"de","@id":"https:\/\/iqri.org\/de\/#\/schema\/person\/image\/9a91194eac08d7f00287a66777707341","url":"https:\/\/secure.gravatar.com\/avatar\/d0529aebc327da9540e738fe43ab43d84c5eeeaee6b74dd9ff2c1cabdb126697?s=96&d=mm&r=g","contentUrl":"https:\/\/secure.gravatar.com\/avatar\/d0529aebc327da9540e738fe43ab43d84c5eeeaee6b74dd9ff2c1cabdb126697?s=96&d=mm&r=g","caption":"Thimoo"},"url":"https:\/\/iqri.org\/de\/author\/thimoo\/"}]}},"_links":{"self":[{"href":"https:\/\/iqri.org\/de\/wp-json\/wp\/v2\/posts\/39825","targetHints":{"allow":["GET"]}}],"collection":[{"href":"https:\/\/iqri.org\/de\/wp-json\/wp\/v2\/posts"}],"about":[{"href":"https:\/\/iqri.org\/de\/wp-json\/wp\/v2\/types\/post"}],"author":[{"embeddable":true,"href":"https:\/\/iqri.org\/de\/wp-json\/wp\/v2\/users\/1"}],"replies":[{"embeddable":true,"href":"https:\/\/iqri.org\/de\/wp-json\/wp\/v2\/comments?post=39825"}],"version-history":[{"count":1,"href":"https:\/\/iqri.org\/de\/wp-json\/wp\/v2\/posts\/39825\/revisions"}],"predecessor-version":[{"id":39827,"href":"https:\/\/iqri.org\/de\/wp-json\/wp\/v2\/posts\/39825\/revisions\/39827"}],"wp:featuredmedia":[{"embeddable":true,"href":"https:\/\/iqri.org\/de\/wp-json\/wp\/v2\/media\/39826"}],"wp:attachment":[{"href":"https:\/\/iqri.org\/de\/wp-json\/wp\/v2\/media?parent=39825"}],"wp:term":[{"taxonomy":"category","embeddable":true,"href":"https:\/\/iqri.org\/de\/wp-json\/wp\/v2\/categories?post=39825"},{"taxonomy":"post_tag","embeddable":true,"href":"https:\/\/iqri.org\/de\/wp-json\/wp\/v2\/tags?post=39825"},{"taxonomy":"author","embeddable":true,"href":"https:\/\/iqri.org\/de\/wp-json\/wp\/v2\/coauthors?post=39825"}],"curies":[{"name":"wp","href":"https:\/\/api.w.org\/{rel}","templated":true}]}}